{"id":165411,"date":"2025-11-26T02:12:22","date_gmt":"2025-11-26T02:12:22","guid":{"rendered":"https:\/\/www.europesays.com\/pt\/165411\/"},"modified":"2025-11-26T02:12:22","modified_gmt":"2025-11-26T02:12:22","slug":"luciana-abreu-agradece-a-sic-apos-despedida-sempre-no-meu-coracao","status":"publish","type":"post","link":"https:\/\/www.europesays.com\/pt\/165411\/","title":{"rendered":"Luciana Abreu agradece \u00e0 SIC ap\u00f3s despedida: &#8220;Sempre no meu cora\u00e7\u00e3o&#8221;"},"content":{"rendered":"<p>Luciana Abreu j\u00e1 fechou a porta ao canal que a recebeu durante largos anos. A artista cumpriu a sua \u00faltima emiss\u00e3o (e miss\u00e3o) na SIC, no passado domingo ao servi\u00e7o do programa Doming\u00e3o. <\/p>\n<p>A atriz, de 40 anos, foi surpreendida pelos colegas e amigos com imagens do seu percurso no canal onde teve a oportunidade de representar, apresentar e cantar ao longo da sua carreira. <\/p>\n<p>Horas depois da despedida, Luciana recorreu \u00e0s redes sociais para fazer uma publica\u00e7\u00e3o de agradecimento a todos os que fizeram parte do seu trajeto e que jamais ser\u00e3o esquecidos.<\/p>\n<p>&#8220;Agrade\u00e7o, a cada um de v\u00f3s, todo o carinho, aten\u00e7\u00e3o, amizade e companheirismo ao longo destes cinco anos e meio. Obrigada por todo o vosso apoio. O melhor da vida \u00e9 podermos contar sempre uns com os outros. D\u00e9bora, Mel\u00e2nia, Rocha, Jo\u00e3o Paulo Sousa, obrigada pelas vossas palavras que provam que podemos construir la\u00e7os verdadeiros de amizade para al\u00e9m do trabalho, quando se juntam pessoas que n\u00e3o colocam o pr\u00f3prio ego \u00e0 frente do cora\u00e7\u00e3o&#8221;, come\u00e7ou por escrever a atriz.<\/p>\n<p>&#8220;Obrigada queridas equipas das Produ\u00e7\u00f5es Clandestinas, UPA Som e AM Produ\u00e7\u00f5es (em especial ao Emanuel) por tantos e tantos quil\u00f3metros juntos. Fomos, literalmente, a cada canto do nosso Portugal. Obrigada Jacintinho por me teres protegido e amparado em todos estes anos de Doming\u00e3o e de tantos outros programas. Obrigada, Thyago Mandu por me deixares sempre mais bela e pela tua amizade incondicional&#8221;, referiu a artista.<\/p>\n<p>&#8220;Obrigada, minha Micaela porque mesmo exausta e adoentada foste para est\u00fadio gravar um tema meu e brilhaste como s\u00f3 tu sabes. Obrigada fam\u00edlia SIC, sinto-me mesmo uma filha a sair da Casa M\u00e3e. Muito, muito, muito obrigada. Ficar\u00e3o sempre no meu cora\u00e7\u00e3o&#8221;, concluiu ainda a cantora.<\/p>\n<p>De referir que Luciana Abreu dever\u00e1 juntar-se \u00e0 equipa da CMTV. Esta \u00e9 uma informa\u00e7\u00e3o que ainda n\u00e3o est\u00e1 confirmada mas, segundo alguns meios, a comunicadora ser\u00e1 a nova apresentadora do programa das manh\u00e3s da CMTV, Manh\u00e3s CM, ao lado de Rui Oliveira, marido de Manuel Lu\u00eds Goucha. Para al\u00e9m disso, Luciana poder\u00e1 ainda abra\u00e7ar outros projetos no canal. <\/p>\n<p> <img decoding=\"async\" src=\"https:\/\/www.europesays.com\/pt\/wp-content\/uploads\/2025\/11\/naom_687619a6c9d3c.jpg\" border=\"0\" alt=\"Emo\u00e7\u00e3o e gratid\u00e3o. Luciana Abreu despede-se da SIC:\"\/>   <\/p>\n<p>Luciana Abreu despediu-se da SIC, canal onde iniciou a sua carreira na m\u00fasica, representa\u00e7\u00e3o e apresenta\u00e7\u00e3o. A artista fez o seu \u00faltimo Doming\u00e3o este domingo, 23 de novembro, programa que ficou marcado por v\u00e1rias surpresas e homenagens.<\/p>\n<p> Not\u00edcias ao Minuto | 08:53 &#8211; 24\/11\/2025  <\/p>\n","protected":false},"excerpt":{"rendered":"Luciana Abreu j\u00e1 fechou a porta ao canal que a recebeu durante largos anos. A artista cumpriu a&hellip;\n","protected":false},"author":2,"featured_media":165412,"comment_status":"","ping_status":"","sticky":false,"template":"","format":"standard","meta":{"footnotes":""},"categories":[145],"tags":[211,210,114,115,32,33],"class_list":{"0":"post-165411","1":"post","2":"type-post","3":"status-publish","4":"format-standard","5":"has-post-thumbnail","7":"category-celebridades","8":"tag-celebridades","9":"tag-celebrities","10":"tag-entertainment","11":"tag-entretenimento","12":"tag-portugal","13":"tag-pt"},"share_on_mastodon":{"url":"https:\/\/pubeurope.com\/@pt\/115613581109943540","error":""},"_links":{"self":[{"href":"https:\/\/www.europesays.com\/pt\/wp-json\/wp\/v2\/posts\/165411","targetHints":{"allow":["GET"]}}],"collection":[{"href":"https:\/\/www.europesays.com\/pt\/wp-json\/wp\/v2\/posts"}],"about":[{"href":"https:\/\/www.europesays.com\/pt\/wp-json\/wp\/v2\/types\/post"}],"author":[{"embeddable":true,"href":"https:\/\/www.europesays.com\/pt\/wp-json\/wp\/v2\/users\/2"}],"replies":[{"embeddable":true,"href":"https:\/\/www.europesays.com\/pt\/wp-json\/wp\/v2\/comments?post=165411"}],"version-history":[{"count":0,"href":"https:\/\/www.europesays.com\/pt\/wp-json\/wp\/v2\/posts\/165411\/revisions"}],"wp:featuredmedia":[{"embeddable":true,"href":"https:\/\/www.europesays.com\/pt\/wp-json\/wp\/v2\/media\/165412"}],"wp:attachment":[{"href":"https:\/\/www.europesays.com\/pt\/wp-json\/wp\/v2\/media?parent=165411"}],"wp:term":[{"taxonomy":"category","embeddable":true,"href":"https:\/\/www.europesays.com\/pt\/wp-json\/wp\/v2\/categories?post=165411"},{"taxonomy":"post_tag","embeddable":true,"href":"https:\/\/www.europesays.com\/pt\/wp-json\/wp\/v2\/tags?post=165411"}],"curies":[{"name":"wp","href":"https:\/\/api.w.org\/{rel}","templated":true}]}}