{"id":165413,"date":"2025-11-26T02:15:10","date_gmt":"2025-11-26T02:15:10","guid":{"rendered":"https:\/\/www.europesays.com\/pt\/165413\/"},"modified":"2025-11-26T02:15:10","modified_gmt":"2025-11-26T02:15:10","slug":"terra-forte-maria-de-fatima-surpreende-a-vivi-remete-se-ao-silencio-e-eu-retiro-a-queixa-contra-o-seu-marido","status":"publish","type":"post","link":"https:\/\/www.europesays.com\/pt\/165413\/","title":{"rendered":"Terra Forte- Maria de F\u00e1tima surpreende: \u00abA Vivi remete-se ao sil\u00eancio e eu retiro a queixa contra o seu marido\u00bb"},"content":{"rendered":"<p>Em \u00abTerra Forte\u00bb, Vivi (Sofia Nicholson), a chegar com os filhos, fica surpresa por ver Moreira. Moreira diz-lhe que Maria de F\u00e1tima (Rita Pereira) quer falar com ela por causa de Marcus (Vitor Higo). Maria de F\u00e1tima, recebendo Vivi com um sorriso simp\u00e1tico, diz-lhe que a chamou ali n\u00e3o para falarem de Marcus mas por ter um acordo para lhe propor, dizendo que retira a queixa contra o marido em troca do seu sil\u00eancio sobre o que sabe dela.<\/p>\n","protected":false},"excerpt":{"rendered":"Em \u00abTerra Forte\u00bb, Vivi (Sofia Nicholson), a chegar com os filhos, fica surpresa por ver Moreira. Moreira diz-lhe&hellip;\n","protected":false},"author":2,"featured_media":165414,"comment_status":"","ping_status":"","sticky":false,"template":"","format":"standard","meta":{"footnotes":""},"categories":[142],"tags":[48,28350,166,801,114,115,28349,28348,28347,13,2931,161,32,28346,33,18614,151,162,28344,28345,28343,28342,28340,28341],"class_list":{"0":"post-165413","1":"post","2":"type-post","3":"status-publish","4":"format-standard","5":"has-post-thumbnail","7":"category-tv","8":"tag-big-brother","9":"tag-bigbrother-tvi","10":"tag-cristina-ferreira","11":"tag-dois-as-10","12":"tag-entertainment","13":"tag-entretenimento","14":"tag-festas-tvi","15":"tag-goucha","16":"tag-guia-tv","17":"tag-noticias","18":"tag-novela","19":"tag-novelas","20":"tag-portugal","21":"tag-programas-tvi","22":"tag-pt","23":"tag-terra-forte","24":"tag-tv","25":"tag-tvi","26":"tag-tvi-3-0","27":"tag-tvi-30","28":"tag-tvi-internacional","29":"tag-tvi-reality","30":"tag-tvificcao","31":"tag-tviplayer"},"share_on_mastodon":{"url":"https:\/\/pubeurope.com\/@pt\/115613592650160690","error":""},"_links":{"self":[{"href":"https:\/\/www.europesays.com\/pt\/wp-json\/wp\/v2\/posts\/165413","targetHints":{"allow":["GET"]}}],"collection":[{"href":"https:\/\/www.europesays.com\/pt\/wp-json\/wp\/v2\/posts"}],"about":[{"href":"https:\/\/www.europesays.com\/pt\/wp-json\/wp\/v2\/types\/post"}],"author":[{"embeddable":true,"href":"https:\/\/www.europesays.com\/pt\/wp-json\/wp\/v2\/users\/2"}],"replies":[{"embeddable":true,"href":"https:\/\/www.europesays.com\/pt\/wp-json\/wp\/v2\/comments?post=165413"}],"version-history":[{"count":0,"href":"https:\/\/www.europesays.com\/pt\/wp-json\/wp\/v2\/posts\/165413\/revisions"}],"wp:featuredmedia":[{"embeddable":true,"href":"https:\/\/www.europesays.com\/pt\/wp-json\/wp\/v2\/media\/165414"}],"wp:attachment":[{"href":"https:\/\/www.europesays.com\/pt\/wp-json\/wp\/v2\/media?parent=165413"}],"wp:term":[{"taxonomy":"category","embeddable":true,"href":"https:\/\/www.europesays.com\/pt\/wp-json\/wp\/v2\/categories?post=165413"},{"taxonomy":"post_tag","embeddable":true,"href":"https:\/\/www.europesays.com\/pt\/wp-json\/wp\/v2\/tags?post=165413"}],"curies":[{"name":"wp","href":"https:\/\/api.w.org\/{rel}","templated":true}]}}