{"id":165419,"date":"2025-11-26T02:26:16","date_gmt":"2025-11-26T02:26:16","guid":{"rendered":"https:\/\/www.europesays.com\/pt\/165419\/"},"modified":"2025-11-26T02:26:16","modified_gmt":"2025-11-26T02:26:16","slug":"ator-de-eta-mundo-melhor-nao-e-parente-de-fabio-jr-mas-tem-famosos-na-familia","status":"publish","type":"post","link":"https:\/\/www.europesays.com\/pt\/165419\/","title":{"rendered":"Ator de \u00cata Mundo Melhor n\u00e3o \u00e9 parente de F\u00e1bio Jr, mas tem famosos na fam\u00edlia"},"content":{"rendered":"<p>O ator <a href=\"https:\/\/caras.com.br\/tags\/cadu-libonati\" rel=\"nofollow noopener\" target=\"_blank\"><strong>Cadu Libonati<\/strong><\/a> \u00e9 um dos destaques do elenco da novela \u00cata Mundo Melhor, da Globo. Ele interpreta o m\u00e9dico T\u00falio, que est\u00e1 apaixonado por Estela (<strong>Larissa Manoela<\/strong>) desde que a resgatou da represa e cuidou dela quando a jovem ficou sem mem\u00f3ria. Sempre que ele aparece em cenas, os telespectadores percebem a semelhan\u00e7a f\u00edsica dele com o cantor <strong>F\u00e1bio Jr<\/strong>. No entanto, os dois n\u00e3o s\u00e3o parentes!<\/p>\n<p>Inclusive, Cadu j\u00e1 falou que sempre foi comparado com F\u00e1bio Jr. \u201cEu escuto que pare\u00e7o com Fabio Jr tem anos (risos). Eu adoraria interpret\u00e1-lo! Tamb\u00e9m canto e toco instrumentos, ent\u00e3o para mim seria uma honra, apesar de achar que quem vai pegar esse sob ser\u00e1 o Fiuk (risos). Mas adoraria fazer qualquer papel que ele fez ou ele mesmo\u201d, disse ele em uma entrevista ao site Quem.<\/p>\n<p>Apesar de n\u00e3o fazer parte da fam\u00edlia de F\u00e1bio Jr, Cadu Libonati \u00e9 integrante de uma fam\u00edlia que tem famosos.<\/p>\n<p> A fam\u00edlia de Cadu Libonati <\/p>\n<p>O ator Cadu Libonati \u00e9 neto da atriz <strong>Irene Ravache<\/strong>, que \u00e9 um \u00edcone das novelas brasileiras, e \u00e9 afilhado do ator <strong>Marco Nanini<\/strong>, que \u00e9 um astro da teledramaturgia. O rapaz \u00e9 filho da produtora de eventos Regina Libonati e do psic\u00f3logo cl\u00ednico e produtor de teatro Hiram Ravache.<\/p>\n<p>Inclusive, Cadu j\u00e1 teve a chance de atuar na TV ao lado da av\u00f3, Irene Ravache. Os dois fizeram parte do elenco da novela Espelho da Vida, de 2018.<\/p>\n<p>H\u00e1 alguns anos, Irene Ravache contou sobre a surpresa ao descobrir que o neto tinha sido aprovado para atuar na TV. \u201cFoi uma surpresa ele ter vindo para a televis\u00e3o. S\u00f3 soube quando ele foi contratado para fazer Malha\u00e7\u00e3o. O que voc\u00ea deseja \u00e9 que seus filhos e netos sejam felizes na profiss\u00e3o que escolheram. Mas quando escolhem a sua profiss\u00e3o, voc\u00ea diz: \u2018puxa, que bom\u2019\u201d, disse ela ao Gshow em 2018, e completou: \u201cA gente conversa muito sobre teatro e eu acompanhei a trajet\u00f3ria de Cadu durante os cursos de interpreta\u00e7\u00e3o. Falamos de trabalho, que \u00e9 o comum entre n\u00f3s. Sempre \u00e9 rico para os dois lados\u201d.<\/p>\n<p>E ele tamb\u00e9m adorou a experi\u00eancia de trabalhar com a av\u00f3. \u201cS\u00e3o muitos ensinamentos com a minha av\u00f3. Ela me ensina muita coisa sobre o que ela viveu e vive, e eu escuto tudinho. Trabalhar com ela e \u00f3timo, me passa seguran\u00e7a. Todo dia minha av\u00f3 relembra coisas da profiss\u00e3o que s\u00e3o importantes\u201c, disse ele h\u00e1 alguns anos.<\/p>\n<p> <img loading=\"lazy\" decoding=\"async\" class=\"wp-image-1035887 size-full img-fluid lazy\" alt=\"Irene Ravache e o neto, Cadu Libonati - Divulga\u00e7\u00e3o \/ Globo\" width=\"768\" height=\"398\" src=\"https:\/\/www.europesays.com\/pt\/wp-content\/uploads\/2025\/11\/img-697462-irene-ravache-ira-contracenar-com-o-neto-cadu-libonati20151008131444323521.jpg\"  \/>Irene Ravache e o neto, Cadu Libonati \u2013 Divulga\u00e7\u00e3o \/ Globo <\/p>\n<blockquote class=\"instagram-media\" style=\"background: #FFF; border: 0; border-radius: 3px; box-shadow: 0 0 1px 0 rgba(0,0,0,0.5),0 1px 10px 0 rgba(0,0,0,0.15); margin: 1px; max-width: 540px; min-width: 326px; padding: 0; width: calc(100% - 2px);\" data-instgrm-captioned=\"\" data-instgrm-permalink=\"https:\/\/www.instagram.com\/reel\/DRYAU2zgrFH\/?utm_source=ig_embed&amp;utm_campaign=loading\" data-instgrm-version=\"14\"><\/blockquote>\n<p><strong>Leia tamb\u00e9m:<\/strong> <a href=\"https:\/\/caras.com.br\/novelas\/eta-mundo-melhor-saiba-qual-sera-o-papel-de-sergio-malheiros-na-novela.phtml\" rel=\"nofollow noopener\" target=\"_blank\">\u00cata Mundo Melhor!: Saiba qual ser\u00e1 o papel de S\u00e9rgio Malheiros na novela<\/a><\/p>\n<p>        <a href=\"https:\/\/caras.com.br\/autor\/priscilla-comoti\" rel=\"nofollow noopener\" target=\"_blank\">&#13;<br \/>\n          <img alt=\"Priscilla Comoti\" src=\"https:\/\/www.europesays.com\/pt\/wp-content\/uploads\/2025\/11\/1764123976_401_e53883bdf02c542f6517b68879e8cb08b27a1d55c4dfd53577e47d3ab6331a06\"  class=\"avatar avatar-115 photo rounded-circle mr-3\" height=\"115\" width=\"115\" loading=\"lazy\" decoding=\"async\"\/>        <\/a><\/p>\n<p>Priscilla Comoti \u00e9 editora de conte\u00fado do site CARAS. Ela \u00e9 formada em jornalismo e em audiovisual, j\u00e1 passou pelos sites Contigo!, Minha Novela, TiTiTi, Mais Novela e Portal M\u00e1rcia Piovesan. Escreve sobre celebridades, not\u00edcias sobre a fam\u00edlia real brit\u00e2nica, TV, reality show e novelas.<\/p>\n<ul class=\"terms-list post_tag list-inline\">\n<li class=\"cadu-libonati list-inline-item\">\n\t\t\t\t\t<a href=\"https:\/\/caras.com.br\/tags\/cadu-libonati\" class=\"item-category\" rel=\"nofollow noopener\" target=\"_blank\">Cadu Libonati<\/a>\n\t\t\t\t<\/li>\n<li class=\"irene-ravache list-inline-item\">\n\t\t\t\t\t<a href=\"https:\/\/caras.com.br\/tags\/irene-ravache\" class=\"item-category\" rel=\"nofollow noopener\" target=\"_blank\">irene ravache<\/a>\n\t\t\t\t<\/li>\n<\/ul>\n<p>\t                                            <script async src=\"\/\/www.instagram.com\/embed.js\"><\/script><\/p>\n","protected":false},"excerpt":{"rendered":"O ator Cadu Libonati \u00e9 um dos destaques do elenco da novela \u00cata Mundo Melhor, da Globo. Ele&hellip;\n","protected":false},"author":2,"featured_media":165420,"comment_status":"","ping_status":"","sticky":false,"template":"","format":"standard","meta":{"footnotes":""},"categories":[145],"tags":[34990,211,210,114,115,30422,32,33],"class_list":{"0":"post-165419","1":"post","2":"type-post","3":"status-publish","4":"format-standard","5":"has-post-thumbnail","7":"category-celebridades","8":"tag-cadu-libonati","9":"tag-celebridades","10":"tag-celebrities","11":"tag-entertainment","12":"tag-entretenimento","13":"tag-irene-ravache","14":"tag-portugal","15":"tag-pt"},"share_on_mastodon":{"url":"https:\/\/pubeurope.com\/@pt\/115613636243045739","error":""},"_links":{"self":[{"href":"https:\/\/www.europesays.com\/pt\/wp-json\/wp\/v2\/posts\/165419","targetHints":{"allow":["GET"]}}],"collection":[{"href":"https:\/\/www.europesays.com\/pt\/wp-json\/wp\/v2\/posts"}],"about":[{"href":"https:\/\/www.europesays.com\/pt\/wp-json\/wp\/v2\/types\/post"}],"author":[{"embeddable":true,"href":"https:\/\/www.europesays.com\/pt\/wp-json\/wp\/v2\/users\/2"}],"replies":[{"embeddable":true,"href":"https:\/\/www.europesays.com\/pt\/wp-json\/wp\/v2\/comments?post=165419"}],"version-history":[{"count":0,"href":"https:\/\/www.europesays.com\/pt\/wp-json\/wp\/v2\/posts\/165419\/revisions"}],"wp:featuredmedia":[{"embeddable":true,"href":"https:\/\/www.europesays.com\/pt\/wp-json\/wp\/v2\/media\/165420"}],"wp:attachment":[{"href":"https:\/\/www.europesays.com\/pt\/wp-json\/wp\/v2\/media?parent=165419"}],"wp:term":[{"taxonomy":"category","embeddable":true,"href":"https:\/\/www.europesays.com\/pt\/wp-json\/wp\/v2\/categories?post=165419"},{"taxonomy":"post_tag","embeddable":true,"href":"https:\/\/www.europesays.com\/pt\/wp-json\/wp\/v2\/tags?post=165419"}],"curies":[{"name":"wp","href":"https:\/\/api.w.org\/{rel}","templated":true}]}}