{"id":165427,"date":"2025-11-26T02:40:10","date_gmt":"2025-11-26T02:40:10","guid":{"rendered":"https:\/\/www.europesays.com\/pt\/165427\/"},"modified":"2025-11-26T02:40:10","modified_gmt":"2025-11-26T02:40:10","slug":"wagner-moura-divulga-o-agente-secreto-em-papo-animado-com-kelly-clarkson-zoeira","status":"publish","type":"post","link":"https:\/\/www.europesays.com\/pt\/165427\/","title":{"rendered":"Wagner Moura divulga &#8216;O Agente Secreto&#8217; em papo animado com Kelly Clarkson\u2028 &#8211; Zoeira"},"content":{"rendered":"<p>O <strong>ator brasileiro Wagner Moura<\/strong> esteve no programa de <strong>Kelly Clarkson<\/strong> nesta ter\u00e7a-feira (24) para promover \u201c<strong>O agente secreto<\/strong>\u201d, longa escolhido para representar o Brasil na disputa por uma vaga no <strong>Oscar 2026<\/strong>.<\/p>\n<p>Logo no in\u00edcio do bate-papo, a apresentadora destacou que este \u00e9 o primeiro filme do ator em portugu\u00eas em mais de uma d\u00e9cada. Ele reagiu com entusiasmo: &#8220;Isso \u00e9 insano. \u00c9 algo t\u00e3o libertador. Eu n\u00e3o sei por que esperei todos esses anos&#8221;.<\/p>\n<p>O clima descontra\u00eddo cresceu quando Kelly descobriu que Wagner tem uma banda chamada \u201c<strong>Sua M\u00e3e<\/strong>\u201d. O grupo foi criado pelo brasileiro e amigos quando eles tinham 15 anos. Ao explicar o estilo musical da banda, o ator ainda mencionou <strong>Roberto Carlos<\/strong> e perguntou se ela conhecia o cantor.<\/p>\n<p>Diante da negativa, ele afirmou: &#8220;<strong>Ele \u00e9 muito importante na Am\u00e9rica do Sul<\/strong>, um grande artista&#8221;. Kelly se animou com a descoberta: &#8220;Eu amo conhecer novas m\u00fasicas!&#8221;<\/p>\n<p>A conversa avan\u00e7ou para o samba, e a apresentadora disse que adoraria dan\u00e7ar. Com a banda do programa tocando, os dois arriscaram passos no palco, arrancando elogios dela para o gingado do ator: &#8220;Eu n\u00e3o consigo parecer sexy desse jeito&#8221;.\u00a0<\/p>\n<p>Kelly tamb\u00e9m brincou sobre a entrevista de 2024, quando Wagner divulgava &#8220;<strong>Guerra Civil<\/strong>&#8220;: &#8220;Da \u00faltima vez, falamos sobre m\u00fasica, mas eu n\u00e3o sabia que voc\u00ea tem uma banda! Estou ofendida por n\u00e3o termos falado disso antes&#8221;.<\/p>\n","protected":false},"excerpt":{"rendered":"O ator brasileiro Wagner Moura esteve no programa de Kelly Clarkson nesta ter\u00e7a-feira (24) para promover \u201cO agente&hellip;\n","protected":false},"author":2,"featured_media":165428,"comment_status":"","ping_status":"","sticky":false,"template":"","format":"standard","meta":{"footnotes":""},"categories":[145],"tags":[211,210,114,115,32,33],"class_list":{"0":"post-165427","1":"post","2":"type-post","3":"status-publish","4":"format-standard","5":"has-post-thumbnail","7":"category-celebridades","8":"tag-celebridades","9":"tag-celebrities","10":"tag-entertainment","11":"tag-entretenimento","12":"tag-portugal","13":"tag-pt"},"share_on_mastodon":{"url":"https:\/\/pubeurope.com\/@pt\/115613690975326560","error":""},"_links":{"self":[{"href":"https:\/\/www.europesays.com\/pt\/wp-json\/wp\/v2\/posts\/165427","targetHints":{"allow":["GET"]}}],"collection":[{"href":"https:\/\/www.europesays.com\/pt\/wp-json\/wp\/v2\/posts"}],"about":[{"href":"https:\/\/www.europesays.com\/pt\/wp-json\/wp\/v2\/types\/post"}],"author":[{"embeddable":true,"href":"https:\/\/www.europesays.com\/pt\/wp-json\/wp\/v2\/users\/2"}],"replies":[{"embeddable":true,"href":"https:\/\/www.europesays.com\/pt\/wp-json\/wp\/v2\/comments?post=165427"}],"version-history":[{"count":0,"href":"https:\/\/www.europesays.com\/pt\/wp-json\/wp\/v2\/posts\/165427\/revisions"}],"wp:featuredmedia":[{"embeddable":true,"href":"https:\/\/www.europesays.com\/pt\/wp-json\/wp\/v2\/media\/165428"}],"wp:attachment":[{"href":"https:\/\/www.europesays.com\/pt\/wp-json\/wp\/v2\/media?parent=165427"}],"wp:term":[{"taxonomy":"category","embeddable":true,"href":"https:\/\/www.europesays.com\/pt\/wp-json\/wp\/v2\/categories?post=165427"},{"taxonomy":"post_tag","embeddable":true,"href":"https:\/\/www.europesays.com\/pt\/wp-json\/wp\/v2\/tags?post=165427"}],"curies":[{"name":"wp","href":"https:\/\/api.w.org\/{rel}","templated":true}]}}