{"id":165435,"date":"2025-11-26T02:54:15","date_gmt":"2025-11-26T02:54:15","guid":{"rendered":"https:\/\/www.europesays.com\/pt\/165435\/"},"modified":"2025-11-26T02:54:15","modified_gmt":"2025-11-26T02:54:15","slug":"evaristo-costa-diverte-a-web-ao-contar-seu-novo-hobby","status":"publish","type":"post","link":"https:\/\/www.europesays.com\/pt\/165435\/","title":{"rendered":"Evaristo Costa diverte a web ao contar seu novo hobby"},"content":{"rendered":"<p data-end=\"443\" data-start=\"229\" class=\"bullet mt-0\" data-v-232111b4=\"\">Evaristo Costa,49, voltou a gerar repercuss\u00e3o nas redes sociais ao publicar um v\u00eddeo divertido respondendo perguntas de f\u00e3s sobre como passa o tempo desde que se afastou do telejornalismo.<\/p>\n<p>O que aconteceu<\/p>\n<p data-end=\"577\" data-start=\"445\" class=\"bullet\" data-v-232111b4=\"\"><strong>No Instagram, ele compartilhou a mensagem de uma seguidora que quis saber: &#8220;Se n\u00e3o trabalha, faz o que o dia inteiro? Sou sua f\u00e3&#8221;<\/strong>. Para responder, Evaristo dublou um \u00e1udio famoso de Mar\u00edlia Gabriela, em que a apresentadora fala sobre o prazer de &#8220;n\u00e3o fazer nada&#8221;.<\/p>\n<p data-end=\"577\" data-start=\"445\" class=\"bullet\" data-v-232111b4=\"\"><strong>No v\u00eddeo, ele reproduziu o trecho em que faz uma declara\u00e7\u00e3o inusitada.<\/strong> &#8220;J\u00e1 ouviu falar de fazer nada? Tem dia que eu acordo e falo assim: &#8216;Hoje eu n\u00e3o vou fazer nada&#8217;, que \u00e9 um prazer. Eu encontro prazer em fazer nada, que \u00e9 uma coisa que todo mundo me diz. Eu falo: &#8216;Olha, quero parar de trabalhar&#8217;. &#8216;Ah, se voc\u00ea parar, voc\u00ea n\u00e3o vai aguentar&#8217;. Eu tenho certeza que eu aguento&#8221;.<\/p>\n","protected":false},"excerpt":{"rendered":"Evaristo Costa,49, voltou a gerar repercuss\u00e3o nas redes sociais ao publicar um v\u00eddeo divertido respondendo perguntas de f\u00e3s&hellip;\n","protected":false},"author":2,"featured_media":165436,"comment_status":"","ping_status":"","sticky":false,"template":"","format":"standard","meta":{"footnotes":""},"categories":[145],"tags":[211,210,114,115,32,33],"class_list":{"0":"post-165435","1":"post","2":"type-post","3":"status-publish","4":"format-standard","5":"has-post-thumbnail","7":"category-celebridades","8":"tag-celebridades","9":"tag-celebrities","10":"tag-entertainment","11":"tag-entretenimento","12":"tag-portugal","13":"tag-pt"},"share_on_mastodon":{"url":"https:\/\/pubeurope.com\/@pt\/115613745989419445","error":""},"_links":{"self":[{"href":"https:\/\/www.europesays.com\/pt\/wp-json\/wp\/v2\/posts\/165435","targetHints":{"allow":["GET"]}}],"collection":[{"href":"https:\/\/www.europesays.com\/pt\/wp-json\/wp\/v2\/posts"}],"about":[{"href":"https:\/\/www.europesays.com\/pt\/wp-json\/wp\/v2\/types\/post"}],"author":[{"embeddable":true,"href":"https:\/\/www.europesays.com\/pt\/wp-json\/wp\/v2\/users\/2"}],"replies":[{"embeddable":true,"href":"https:\/\/www.europesays.com\/pt\/wp-json\/wp\/v2\/comments?post=165435"}],"version-history":[{"count":0,"href":"https:\/\/www.europesays.com\/pt\/wp-json\/wp\/v2\/posts\/165435\/revisions"}],"wp:featuredmedia":[{"embeddable":true,"href":"https:\/\/www.europesays.com\/pt\/wp-json\/wp\/v2\/media\/165436"}],"wp:attachment":[{"href":"https:\/\/www.europesays.com\/pt\/wp-json\/wp\/v2\/media?parent=165435"}],"wp:term":[{"taxonomy":"category","embeddable":true,"href":"https:\/\/www.europesays.com\/pt\/wp-json\/wp\/v2\/categories?post=165435"},{"taxonomy":"post_tag","embeddable":true,"href":"https:\/\/www.europesays.com\/pt\/wp-json\/wp\/v2\/tags?post=165435"}],"curies":[{"name":"wp","href":"https:\/\/api.w.org\/{rel}","templated":true}]}}