{"id":165457,"date":"2025-11-26T03:51:12","date_gmt":"2025-11-26T03:51:12","guid":{"rendered":"https:\/\/www.europesays.com\/pt\/165457\/"},"modified":"2025-11-26T03:51:12","modified_gmt":"2025-11-26T03:51:12","slug":"casa-dos-segredos-choque-irma-de-fabio-revela-imagem-do-acidente-que-sofreu-com-claudio-coelho","status":"publish","type":"post","link":"https:\/\/www.europesays.com\/pt\/165457\/","title":{"rendered":"Casa dos Segredos &#8211; Choque! Irm\u00e3 de F\u00e1bio revela imagem do acidente que sofreu com Cl\u00e1udio Coelho"},"content":{"rendered":"<p><strong>Vanessa Pereira<\/strong> e <strong>Cl\u00e1udio Coelho<\/strong> sofreram <a href=\"https:\/\/www.novagente.pt\/casa-dos-segredos-panico-irma-de-fabio-sofre-acidente-apos-gala-do-programa\" rel=\"nofollow noopener\" target=\"_blank\">um grave acidente<\/a> de carro na zona de Leiria na madrugada de segunda-feira, 24, ap\u00f3s a gala da <strong>Casa dos Segredos<\/strong>.<\/p>\n<p>Atrav\u00e9s das redes sociais, a irm\u00e3 de <strong>F\u00e1bio<\/strong> <a href=\"https:\/\/www.novagente.pt\/casa-dos-segredos-irma-de-fabio-pronuncia-se-sobre-grave-acidente-pensei-que-seria-ultimo-dia\" rel=\"nofollow noopener\" target=\"_blank\">confirmou o despiste<\/a>, mas assegurou que estavam os dois bem e que sa\u00edram \u201cilesos de toda a situa\u00e7\u00e3o, apesar do enorme susto\u201d.<\/p>\n<p>Mais tarde, mostrou uma imagem do acidente, onde \u00e9 poss\u00edvel ver <strong>o carro capotado na berma da autoestrada<\/strong>.<\/p>\n<p><strong>\u201cA vida \u00e9 um sopro\u201d<\/strong>, escreveu na publica\u00e7\u00e3o.<\/p>\n<p><strong>Veja a imagem na nossa galeria.<\/strong><\/p>\n<p>\u00a0<\/p>\n<p>Texto: Carolina Charrua; Fotos: Redes Sociais<\/p>\n<p class=\"intagram-text\">Siga a Nova Gente no Instagram<\/p>\n<p>                        <a href=\"https:\/\/www.instagram.com\/revistanovagente\/\" target=\"_blank\" aria-label=\"instagram\" rel=\"noopener nofollow\"><img decoding=\"async\" style=\"display: block; margin-left: auto; margin-right: auto; width: 250px; height: 83px;\" src=\"https:\/\/www.europesays.com\/pt\/wp-content\/uploads\/2025\/11\/Instagram_NG.png\" alt=\"instagram\"\/><\/a><br \/>\n                    <script async src=\"\/\/www.instagram.com\/embed.js\"><\/script><\/p>\n","protected":false},"excerpt":{"rendered":"Vanessa Pereira e Cl\u00e1udio Coelho sofreram um grave acidente de carro na zona de Leiria na madrugada de&hellip;\n","protected":false},"author":2,"featured_media":165458,"comment_status":"","ping_status":"","sticky":false,"template":"","format":"standard","meta":{"footnotes":""},"categories":[145],"tags":[59,2632,211,210,25015,114,115,19082,2086,12195,32,33,1315,162,34044],"class_list":{"0":"post-165457","1":"post","2":"type-post","3":"status-publish","4":"format-standard","5":"has-post-thumbnail","7":"category-celebridades","8":"tag-acidente","9":"tag-casa-dos-segredos","10":"tag-celebridades","11":"tag-celebrities","12":"tag-claudio-coelho","13":"tag-entertainment","14":"tag-entretenimento","15":"tag-fabio","16":"tag-imagem","17":"tag-irma","18":"tag-portugal","19":"tag-pt","20":"tag-secret-story","21":"tag-tvi","22":"tag-vanessa-pereira"},"share_on_mastodon":{"url":"https:\/\/pubeurope.com\/@pt\/115613970361313250","error":""},"_links":{"self":[{"href":"https:\/\/www.europesays.com\/pt\/wp-json\/wp\/v2\/posts\/165457","targetHints":{"allow":["GET"]}}],"collection":[{"href":"https:\/\/www.europesays.com\/pt\/wp-json\/wp\/v2\/posts"}],"about":[{"href":"https:\/\/www.europesays.com\/pt\/wp-json\/wp\/v2\/types\/post"}],"author":[{"embeddable":true,"href":"https:\/\/www.europesays.com\/pt\/wp-json\/wp\/v2\/users\/2"}],"replies":[{"embeddable":true,"href":"https:\/\/www.europesays.com\/pt\/wp-json\/wp\/v2\/comments?post=165457"}],"version-history":[{"count":0,"href":"https:\/\/www.europesays.com\/pt\/wp-json\/wp\/v2\/posts\/165457\/revisions"}],"wp:featuredmedia":[{"embeddable":true,"href":"https:\/\/www.europesays.com\/pt\/wp-json\/wp\/v2\/media\/165458"}],"wp:attachment":[{"href":"https:\/\/www.europesays.com\/pt\/wp-json\/wp\/v2\/media?parent=165457"}],"wp:term":[{"taxonomy":"category","embeddable":true,"href":"https:\/\/www.europesays.com\/pt\/wp-json\/wp\/v2\/categories?post=165457"},{"taxonomy":"post_tag","embeddable":true,"href":"https:\/\/www.europesays.com\/pt\/wp-json\/wp\/v2\/tags?post=165457"}],"curies":[{"name":"wp","href":"https:\/\/api.w.org\/{rel}","templated":true}]}}