{"id":165466,"date":"2025-11-26T04:17:13","date_gmt":"2025-11-26T04:17:13","guid":{"rendered":"https:\/\/www.europesays.com\/pt\/165466\/"},"modified":"2025-11-26T04:17:13","modified_gmt":"2025-11-26T04:17:13","slug":"tempestade-buscas-improvisadas-e-varias-mortes-ferias-de-amigos-transformam-se-em-pesadelo","status":"publish","type":"post","link":"https:\/\/www.europesays.com\/pt\/165466\/","title":{"rendered":"Tempestade, buscas improvisadas e v\u00e1rias mortes: f\u00e9rias de amigos transformam-se em pesadelo"},"content":{"rendered":"<p class=\"category\"><a href=\"https:\/\/sicnoticias.pt\/mundo\" rel=\"nofollow noopener\" target=\"_blank\">Mundo<\/a><\/p>\n<p class=\"g-article-lead lead\" data-field=\"lead\">Cinco amigos brit\u00e2nicos partiram numa aventura pelas montanhas da Patag\u00f3nia, no Chile, mas foram surpreendidos por rajadas de vento de quase 200 quil\u00f3metros por hora. Inseridos num grupo de cerca de 30 pessoas, cinco n\u00e3o sobreviveram, uma das quais integrava o grupo de cinco companheiros.<\/p>\n<p><img decoding=\"async\" src=\"https:\/\/www.europesays.com\/pt\/wp-content\/uploads\/2025\/11\/1764130632_691_original.webp\" alt=\"Passagem montanhosa John Gardner, Chile.\"\/><\/p>\n<p>Passagem montanhosa John Gardner, Chile.<\/p>\n<p>Photography by Jessie Reeder<\/p>\n<p style=\"text-align: start;\"><strong>Christian Aldridge, um dos sobreviventes de uma tempestade de neve que matou cinco turistas, incluindo uma das amigas que o acompanhava, no Parque Nacional Torres <\/strong><strong>del<\/strong><strong> <\/strong><strong>Paine<\/strong><strong>,<\/strong><strong> Patag\u00f3nia,<\/strong><strong> no Chile, no dia 17 de novembro, descreveu os momentos de desespero vividos pelo grupo enquanto tentava salvar os colegas durante a intemp\u00e9rie mortal.<\/strong><\/p>\n<p style=\"text-align: start;\">Ambos, em conjunto com tr\u00eas outros amigos, integravam um grupo de cerca de 30 caminhantes que atravessava a famosa passagem John Gardner quando <strong>foi surpreendido por ventos que ultrapassa<\/strong><strong>vam<\/strong><strong> <\/strong><strong>os 190 quil\u00f3metros por hora<\/strong> &#8211; intensidade equivalente \u00e0 de um furac\u00e3o de categoria 3. <\/p>\n<p style=\"text-align: start;\">Separado de Bond durante a tempestade, Aldridge conseguiu reencontrar parte do grupo e, juntos, regressaram ao acampamento Los Perros, de onde tinham partido ao in\u00edcio da manh\u00e3.  <\/p>\n<p>Grupo volunt\u00e1rio colocou-se me marcha<\/p>\n<p style=\"text-align: start;\">L\u00e1, perceberam que v\u00e1rios membros da comitiva estavam desaparecidos e decidiram, ent\u00e3o, organizar uma busca por conta pr\u00f3pria. <\/p>\n<p style=\"text-align: start;\">Segundo Aldridge, dois dos seus companheiros juntaram-se \u00e0 equipa volunt\u00e1ria de resgate, que <strong>acabou<\/strong><strong> p<\/strong><strong>o<\/strong><strong>r encontrar<\/strong><strong> tr\u00eas corpos. <\/strong><strong> <\/strong><\/p>\n<p style=\"text-align: start;\">Uma das caminhantes ainda estava com vida quando foi localizada e chegou a ser levada de maca improvisada com isolantes t\u00e9rmicos, esferovite e bast\u00f5es de caminhada.  <\/p>\n<p style=\"text-align: start;\"><strong>M\u00e9dicos volunt\u00e1rios tentaram reanim\u00e1-la por cerca de uma hora, <\/strong><strong>mas acabou<\/strong><strong> <\/strong><strong>por morrer<\/strong> por conta de uma paragem card\u00edaca causada por hipotermia. <\/p>\n<p style=\"text-align: start;\">O grupo brit\u00e2nico de amigos era composto ainda por Hayley Newnham, 41 anos, propriet\u00e1ria de uma ag\u00eancia de rela\u00e7\u00f5es p\u00fablicas, Matt Smith, 39 anos, treinador desportivo e Tom Player, 39 anos, compositor. <\/p>\n<p style=\"text-align: start;\">Aldridge relatou que, entre as v\u00edtimas encontradas no dia das buscas, uma j\u00e1 estava sem vida e outra n\u00e3o apresentava resposta, sendo arriscado retir\u00e1-la do local. <\/p>\n<p style=\"text-align: start;\">No dia seguinte, <strong>guardas do parque localizaram dois outros corpos, incluindo o de Victoria <\/strong><strong>Bond<\/strong>, a amiga.<\/p>\n<p style=\"text-align: start;\">Numa nota emitida, a <a href=\"https:\/\/www.conaf.cl\/\" target=\"_blank\" rel=\"noopener noreferrer nofollow\">Corpora\u00e7\u00e3o Nacional Florestal do Chile<\/a> anunciou a abertura de uma investiga\u00e7\u00e3o interna para apurar eventuais falhas nos protocolos de comunica\u00e7\u00e3o, busca, resgate e evacua\u00e7\u00e3o. <\/p>\n","protected":false},"excerpt":{"rendered":"Mundo Cinco amigos brit\u00e2nicos partiram numa aventura pelas montanhas da Patag\u00f3nia, no Chile, mas foram surpreendidos por rajadas&hellip;\n","protected":false},"author":2,"featured_media":165467,"comment_status":"","ping_status":"","sticky":false,"template":"","format":"standard","meta":{"footnotes":""},"categories":[50],"tags":[27,28,15,16,14,25,26,21,22,62,12,13,19,20,23,24,17,18,29,30,31,63,64,65],"class_list":{"0":"post-165466","1":"post","2":"type-post","3":"status-publish","4":"format-standard","5":"has-post-thumbnail","7":"category-mundo","8":"tag-breaking-news","9":"tag-breakingnews","10":"tag-featured-news","11":"tag-featurednews","12":"tag-headlines","13":"tag-latest-news","14":"tag-latestnews","15":"tag-main-news","16":"tag-mainnews","17":"tag-mundo","18":"tag-news","19":"tag-noticias","20":"tag-noticias-principais","21":"tag-noticiasprincipais","22":"tag-principais-noticias","23":"tag-principaisnoticias","24":"tag-top-stories","25":"tag-topstories","26":"tag-ultimas","27":"tag-ultimas-noticias","28":"tag-ultimasnoticias","29":"tag-world","30":"tag-world-news","31":"tag-worldnews"},"share_on_mastodon":{"url":"https:\/\/pubeurope.com\/@pt\/115614072642382666","error":""},"_links":{"self":[{"href":"https:\/\/www.europesays.com\/pt\/wp-json\/wp\/v2\/posts\/165466","targetHints":{"allow":["GET"]}}],"collection":[{"href":"https:\/\/www.europesays.com\/pt\/wp-json\/wp\/v2\/posts"}],"about":[{"href":"https:\/\/www.europesays.com\/pt\/wp-json\/wp\/v2\/types\/post"}],"author":[{"embeddable":true,"href":"https:\/\/www.europesays.com\/pt\/wp-json\/wp\/v2\/users\/2"}],"replies":[{"embeddable":true,"href":"https:\/\/www.europesays.com\/pt\/wp-json\/wp\/v2\/comments?post=165466"}],"version-history":[{"count":0,"href":"https:\/\/www.europesays.com\/pt\/wp-json\/wp\/v2\/posts\/165466\/revisions"}],"wp:featuredmedia":[{"embeddable":true,"href":"https:\/\/www.europesays.com\/pt\/wp-json\/wp\/v2\/media\/165467"}],"wp:attachment":[{"href":"https:\/\/www.europesays.com\/pt\/wp-json\/wp\/v2\/media?parent=165466"}],"wp:term":[{"taxonomy":"category","embeddable":true,"href":"https:\/\/www.europesays.com\/pt\/wp-json\/wp\/v2\/categories?post=165466"},{"taxonomy":"post_tag","embeddable":true,"href":"https:\/\/www.europesays.com\/pt\/wp-json\/wp\/v2\/tags?post=165466"}],"curies":[{"name":"wp","href":"https:\/\/api.w.org\/{rel}","templated":true}]}}