{"id":165468,"date":"2025-11-26T04:20:07","date_gmt":"2025-11-26T04:20:07","guid":{"rendered":"https:\/\/www.europesays.com\/pt\/165468\/"},"modified":"2025-11-26T04:20:07","modified_gmt":"2025-11-26T04:20:07","slug":"mansao-que-ja-foi-de-silvio-santos-e-vendida-por-mais-de-r-4-milhoes-terra","status":"publish","type":"post","link":"https:\/\/www.europesays.com\/pt\/165468\/","title":{"rendered":"Mans\u00e3o que j\u00e1 foi de Silvio Santos \u00e9 vendida por mais de R$ 4 milh\u00f5es &#8211; Terra"},"content":{"rendered":"<ol>\n<li><a href=\"https:\/\/news.google.com\/rss\/articles\/CBMi_wFBVV95cUxPY3F3eHhKVmh1ZHRuUjZDSWNHcHJpVjJNaFIzclBFSU5oa201NGs3U1BfQnU3bGxIQmdfdm90Q1lfWm14NWlOTzQzNnJCT2dPMVBkbUxmTnc5NjRxaS0zWl9zOS1MVGRoZC1VMmNkSXZHVDJGSDlNMmZqN2VhaGFJOTlvbkl0eThJMDVzUGlwc1d5bVAxdFhRMHlIRFpUN3BqdjF6OWVrVVA4WkU3ZTdhY1BVNkxBRHN3blNBN0w2dFpyLVJldEROOE4tTWwzb1dMT2lLTC1VdVdQMVd2SG8zZW1UZlNRLWlhTE1Jem1hRUVoRVNERlloczFEMnFpc28?oc=5\" target=\"_blank\" rel=\"nofollow noopener\">Mans\u00e3o que j\u00e1 foi de Silvio Santos \u00e9 vendida por mais de R$ 4 milh\u00f5es<\/a>&nbsp;&nbsp;Terra<\/li>\n<li><a href=\"https:\/\/news.google.com\/rss\/articles\/CBMi4AFBVV95cUxNMm1OdFV4Xy16X2FhZERYelZ3TkFQMzlwVHBEb0FmWjNXb1FRSUVrNS00c1ZyOG5VTzZkNC1KbUFNMzM5V05JQjJsQklvamZBY294ekxFNklTUzIyUGpjMV9HS1l1eGN4SGNsWm45WkFVYVNrM2dMMWxrYk9KZGFoUURNc21Oc3VadDYxcnVXN1NxejN2YUZoSEdXZ05mRWFJLTlqMG1RdC1IeGtmSi1nakdrY3p5eUJJVWQyYU9IR3NlUXY5aWZud0lNdE1nd04zTGJsVERjX29RajdlOV82WdIB7wFBVV95cUxOeTNlZTVVVHFCejRUeEF0OW9lSXNLNUZwb21HMzBudHhxMlRIUWNXcDRRUDZUR2hjUmMtU1kzdzEwTnJYdVZjc1FaMUYxelhMSm1HTHJNZm1US1lydWsxZ0M3RFRtZHp5WFlwMzAwLVdnSzM5UV9WdmdBQzJTUlRNWFQ3Vk1GeEVSZjRTdzNNdldfQzJCNlY2b2JxSkxnblpFMGJIRWp6QlpzNXlNa3Z5OUIzRFZVd3lXQlQ1eWFWQmNrQkYtVzAzWWVGOWpXRmJIR2tjUnV5bjFaR2VLMTFoQzk5bnBkZlFXSnlieHc2UQ?oc=5\" target=\"_blank\" rel=\"nofollow noopener\">Mans\u00e3o que foi de Silvio Santos \u00e9 vendida por mais de R$ 4 milh\u00f5es; veja fotos do im\u00f3vel<\/a>&nbsp;&nbsp;Extra online<\/li>\n<li><a href=\"https:\/\/news.google.com\/rss\/articles\/CBMiywFBVV95cUxNdzg3Mk54UkpHSjE2VnFDQkU0bm9PbUtpcVRzX3lqejNWT0Y0UGE1TFJGVGpEeGE5UlNickxUUDQ5QWtfOXhpY3E3RVktSW5rTFc4SVRES0t5TDRsSkpncDQ4cEVXZElDeEdBbkhSSXBtWk8xN1hlTEt1RnYwSWhXQTZ1N1BDRUEyS2VnWXRYcVplaE5GRVMtek5QY2lvZ2pqTGM0NkFjNVBhU0xmNXFUQVBzY0FPcVo5dFZFSzh2YVZnUWlHbDA5X1p6RdIB2gFBVV95cUxQUmQ1LWlwQ3hKcmxJRDJpMXFQTF9kMkp0S3FSZ0Npc0U4cWJjQ0o4Vk5zLXhvMHpVdU9Wc3VXQ2pJajlEYzkyV1VHdjdGNzlmME1BWDZ6aFNMWEE4NHkyUm1Ub0dQTzVSamY5UVBqOUIzR1ZGZ2N4bll4dV9JWXpSNXZ1ZkFBMW1KdFh5ZTZkTUdvWWVIVDY4M2h5X0ZPZlNsbUdWLUVaTkthNVR0dlF6VE1aWGV5bDNLTVQ0N3hLN2laaWxMa1F3QTB0YllnUnRTMWU3c0trZ0RtZw?oc=5\" target=\"_blank\" rel=\"nofollow noopener\">Abandonada, mans\u00e3o que foi de Silvio Santos est\u00e1 \u00e0 venda por R$ 6 milh\u00f5es<\/a>&nbsp;&nbsp;Not\u00edcias da TV<\/li>\n<li><a href=\"https:\/\/news.google.com\/rss\/articles\/CBMitgFBVV95cUxOM0RQMnMxUTVmVmpTUnVsYjZsN3pfSnEyR1JfdTU0VXQ3RTFoQmZuQjR6OGhDZXR1UEZyTS1JVy1RYnNYdlNDZURjWGp5ZVRMNnZSNWk4akphc3ZaSENQTDdMc1FCSmx0Wnd6Sm5aZXZoa0pUZDdFZnVleDN2RE5EZ3BOTVBtbkxqZkhVVW9jMWV3UnZiMWU3bllPZGNJcTFMNkNQZXh2a1p5dnBLTG51WVNuYzF4Zw?oc=5\" target=\"_blank\" rel=\"nofollow noopener\">Mans\u00e3o de veraneio de Silvio Santos \u00e9 vendida; saiba valor milion\u00e1rio<\/a>&nbsp;&nbsp;Metr\u00f3poles<\/li>\n<li><a href=\"https:\/\/news.google.com\/rss\/articles\/CBMi8AFBVV95cUxNZFNfeXpCcVFObFE0Z0pkVDVOS1VRQm1HSGVmMkNCS25Yb2cyaFBRN01HVnNScXRJZTF0U3BfaE52M01OZzI4VXB0NnNpVGNLWlQzT2h4NXNTNWZVSk5wTDhPX1E1LWhKbmF6UWllVlZxOWNvYlJ1aVpHT1lRR2lXNVVsaDNCOEluUWVJbEdBOXU5SWx5cnFUSmNzcmM1U3ZmWmxGaUpma0dyNW1NamhiVjdrYmZZa21XNjZOTkxCWml4RXA0TnRGbWhXakN1RHoycFFxcTQzR0IzRzByN3paXzZGdTdWcjFENmlWOHZidDLSAfABQVVfeXFMTWo1Y0MxR0pqTmpuOUJULUNaSTV2UUNWdFh2Rm1sMmNQa3RVS1BsREVBUE1IWFNBbFhlRWdwUEV3di1zY3pTSHlBbkJEb0h0UzNGZ3RoNmZpR05sZU12SEZxc0RSNV9JaGxBUUZhR1pYRUdtMmRKdjl6ZkJaVmFtTXRtdnpiTmtQMl91aTlqUHU3TVJCU0puV1FTMGJNcGRvdDI0VkVGbkt6cXNia2NsLU84VDg3QkdhVEFyeG5kQWdpeURSUU5CTHRTODZ4MU1zOVJPMHlXSHdYb1BsWXh3WXVIT0FYdDFfYjlpZ2FJQlly?oc=5\" target=\"_blank\" rel=\"nofollow noopener\">Casa de veraneio de Silvio Santos est\u00e1 a venda por valor milion\u00e1rio; saiba<\/a>&nbsp;&nbsp;Portal Uai<\/li>\n<\/ol>\n","protected":false},"excerpt":{"rendered":"Mans\u00e3o que j\u00e1 foi de Silvio Santos \u00e9 vendida por mais de R$ 4 milh\u00f5es&nbsp;&nbsp;Terra Mans\u00e3o que foi&hellip;\n","protected":false},"author":2,"featured_media":161252,"comment_status":"","ping_status":"","sticky":false,"template":"","format":"standard","meta":{"footnotes":""},"categories":[145],"tags":[211,210,114,115,32,33],"class_list":{"0":"post-165468","1":"post","2":"type-post","3":"status-publish","4":"format-standard","5":"has-post-thumbnail","7":"category-celebridades","8":"tag-celebridades","9":"tag-celebrities","10":"tag-entertainment","11":"tag-entretenimento","12":"tag-portugal","13":"tag-pt"},"share_on_mastodon":{"url":"https:\/\/pubeurope.com\/@pt\/115614084210347778","error":""},"_links":{"self":[{"href":"https:\/\/www.europesays.com\/pt\/wp-json\/wp\/v2\/posts\/165468","targetHints":{"allow":["GET"]}}],"collection":[{"href":"https:\/\/www.europesays.com\/pt\/wp-json\/wp\/v2\/posts"}],"about":[{"href":"https:\/\/www.europesays.com\/pt\/wp-json\/wp\/v2\/types\/post"}],"author":[{"embeddable":true,"href":"https:\/\/www.europesays.com\/pt\/wp-json\/wp\/v2\/users\/2"}],"replies":[{"embeddable":true,"href":"https:\/\/www.europesays.com\/pt\/wp-json\/wp\/v2\/comments?post=165468"}],"version-history":[{"count":0,"href":"https:\/\/www.europesays.com\/pt\/wp-json\/wp\/v2\/posts\/165468\/revisions"}],"wp:featuredmedia":[{"embeddable":true,"href":"https:\/\/www.europesays.com\/pt\/wp-json\/wp\/v2\/media\/161252"}],"wp:attachment":[{"href":"https:\/\/www.europesays.com\/pt\/wp-json\/wp\/v2\/media?parent=165468"}],"wp:term":[{"taxonomy":"category","embeddable":true,"href":"https:\/\/www.europesays.com\/pt\/wp-json\/wp\/v2\/categories?post=165468"},{"taxonomy":"post_tag","embeddable":true,"href":"https:\/\/www.europesays.com\/pt\/wp-json\/wp\/v2\/tags?post=165468"}],"curies":[{"name":"wp","href":"https:\/\/api.w.org\/{rel}","templated":true}]}}