{"id":165483,"date":"2025-11-26T05:56:24","date_gmt":"2025-11-26T05:56:24","guid":{"rendered":"https:\/\/www.europesays.com\/pt\/165483\/"},"modified":"2025-11-26T05:56:24","modified_gmt":"2025-11-26T05:56:24","slug":"jovem-de-20-anos-saiu-ileso-de-despiste-que-atirou-viatura-a-agua-na-praia-formosa","status":"publish","type":"post","link":"https:\/\/www.europesays.com\/pt\/165483\/","title":{"rendered":"Jovem de 20 anos saiu ileso de despiste que atirou viatura \u00e0 \u00e1gua na Praia Formosa"},"content":{"rendered":"\n<p class=\"p_0\">Uma viatura ligeira caiu esta madrugada \u00e0 \u00e1gua na promenade da Praia Formosa, no Funchal, na sequ\u00eancia de um despiste, quando tinha no interior um jovem de 20 anos.<\/p>\n<p class=\"p_1\">Segundo informa a Autoridade Mar\u00edtima Nacional, o alerta foi dado \u00e0s 02h24, atrav\u00e9s do Servi\u00e7o Regional de Prote\u00e7\u00e3o Civil da Madeira, tendo sido mobilizados para o local elementos do Comando Local da Pol\u00edcia Mar\u00edtima do Funchal, da Companhia de Bombeiros Sapadores do Funchal e da PSP.<\/p>\n<p class=\"p_2\">Quando as autoridades chegaram ao local, a v\u00edtima j\u00e1 tinha conseguido sair da viatura pelos pr\u00f3prios meios, encontrando-se bem fisicamente e sem necessidade de assist\u00eancia m\u00e9dica, informou a Marinha em comunicado.<\/p>\n<p class=\"p_3\">O propriet\u00e1rio do ve\u00edculo foi notificado para apresentar um plano de remo\u00e7\u00e3o. A viatura acabou por ser retirada da \u00e1gua cerca das 06h00, por uma empresa de reboques.<\/p>\n<p class=\"p_4\">O Comando Local da Pol\u00edcia Mar\u00edtima do Funchal tomou conta da ocorr\u00eancia.<\/p>\n","protected":false},"excerpt":{"rendered":"Uma viatura ligeira caiu esta madrugada \u00e0 \u00e1gua na promenade da Praia Formosa, no Funchal, na sequ\u00eancia de&hellip;\n","protected":false},"author":2,"featured_media":165484,"comment_status":"","ping_status":"","sticky":false,"template":"","format":"standard","meta":{"footnotes":""},"categories":[10],"tags":[27,28,1171,15,16,14,25,26,21,22,12,13,19,20,32,23,24,33,17,18,29,30,31],"class_list":{"0":"post-165483","1":"post","2":"type-post","3":"status-publish","4":"format-standard","5":"has-post-thumbnail","7":"category-portugal","8":"tag-breaking-news","9":"tag-breakingnews","10":"tag-catarina-gouveia","11":"tag-featured-news","12":"tag-featurednews","13":"tag-headlines","14":"tag-latest-news","15":"tag-latestnews","16":"tag-main-news","17":"tag-mainnews","18":"tag-news","19":"tag-noticias","20":"tag-noticias-principais","21":"tag-noticiasprincipais","22":"tag-portugal","23":"tag-principais-noticias","24":"tag-principaisnoticias","25":"tag-pt","26":"tag-top-stories","27":"tag-topstories","28":"tag-ultimas","29":"tag-ultimas-noticias","30":"tag-ultimasnoticias"},"share_on_mastodon":{"url":"https:\/\/pubeurope.com\/@pt\/115614461758646188","error":""},"_links":{"self":[{"href":"https:\/\/www.europesays.com\/pt\/wp-json\/wp\/v2\/posts\/165483","targetHints":{"allow":["GET"]}}],"collection":[{"href":"https:\/\/www.europesays.com\/pt\/wp-json\/wp\/v2\/posts"}],"about":[{"href":"https:\/\/www.europesays.com\/pt\/wp-json\/wp\/v2\/types\/post"}],"author":[{"embeddable":true,"href":"https:\/\/www.europesays.com\/pt\/wp-json\/wp\/v2\/users\/2"}],"replies":[{"embeddable":true,"href":"https:\/\/www.europesays.com\/pt\/wp-json\/wp\/v2\/comments?post=165483"}],"version-history":[{"count":0,"href":"https:\/\/www.europesays.com\/pt\/wp-json\/wp\/v2\/posts\/165483\/revisions"}],"wp:featuredmedia":[{"embeddable":true,"href":"https:\/\/www.europesays.com\/pt\/wp-json\/wp\/v2\/media\/165484"}],"wp:attachment":[{"href":"https:\/\/www.europesays.com\/pt\/wp-json\/wp\/v2\/media?parent=165483"}],"wp:term":[{"taxonomy":"category","embeddable":true,"href":"https:\/\/www.europesays.com\/pt\/wp-json\/wp\/v2\/categories?post=165483"},{"taxonomy":"post_tag","embeddable":true,"href":"https:\/\/www.europesays.com\/pt\/wp-json\/wp\/v2\/tags?post=165483"}],"curies":[{"name":"wp","href":"https:\/\/api.w.org\/{rel}","templated":true}]}}