{"id":165485,"date":"2025-11-26T05:57:31","date_gmt":"2025-11-26T05:57:31","guid":{"rendered":"https:\/\/www.europesays.com\/pt\/165485\/"},"modified":"2025-11-26T05:57:31","modified_gmt":"2025-11-26T05:57:31","slug":"portugal-na-final-do-mundial-de-sub-17","status":"publish","type":"post","link":"https:\/\/www.europesays.com\/pt\/165485\/","title":{"rendered":"Portugal na final do Mundial de sub-17"},"content":{"rendered":"<p data-remotead-prev-elm=\"true\" data-remotead-elm-id=\"inread\">A segunda meia-final da competi\u00e7\u00e3o, a decorrer em Doha (Catar), foi bastante equilibrada e o nulo ao fim dos 90 minutos regulamentares foi t\u00e3o justo quanto l\u00f3gico.<\/p>\n<p>As oportunidades de golo foram poucas, com An\u00edsio Cabral a desperdi\u00e7ar as duas melhores situa\u00e7\u00f5es para Portugal. Do lado brasileiro, Dell tamb\u00e9m falhou na cara de Rom\u00e1rio Cunha.<\/p>\n<p>Nas grandes penalidades, o guarda-redes portugu\u00eas desperdi\u00e7ou o quinto pen\u00e1lti, mas a seguir o Brasil falhou dois e Portugal fez a festa.<\/p>\n<p>Na final, marcada para quinta-feira (16 horas), Portugal vai discutir o t\u00edtulo com a \u00c1ustria.<\/p>\n","protected":false},"excerpt":{"rendered":"A segunda meia-final da competi\u00e7\u00e3o, a decorrer em Doha (Catar), foi bastante equilibrada e o nulo ao fim&hellip;\n","protected":false},"author":2,"featured_media":165486,"comment_status":"","ping_status":"","sticky":false,"template":"","format":"standard","meta":{"footnotes":""},"categories":[8],"tags":[27,28,135,15,16,14,25,26,21,22,30972,12,13,19,20,32,23,24,33,5420,17,18,29,30,31],"class_list":{"0":"post-165485","1":"post","2":"type-post","3":"status-publish","4":"format-standard","5":"has-post-thumbnail","7":"category-principais-noticias","8":"tag-breaking-news","9":"tag-breakingnews","10":"tag-desporto","11":"tag-featured-news","12":"tag-featurednews","13":"tag-headlines","14":"tag-latest-news","15":"tag-latestnews","16":"tag-main-news","17":"tag-mainnews","18":"tag-mundial-sub-17","19":"tag-news","20":"tag-noticias","21":"tag-noticias-principais","22":"tag-noticiasprincipais","23":"tag-portugal","24":"tag-principais-noticias","25":"tag-principaisnoticias","26":"tag-pt","27":"tag-selecao-nacional","28":"tag-top-stories","29":"tag-topstories","30":"tag-ultimas","31":"tag-ultimas-noticias","32":"tag-ultimasnoticias"},"share_on_mastodon":{"url":"https:\/\/pubeurope.com\/@pt\/115614465749988980","error":""},"_links":{"self":[{"href":"https:\/\/www.europesays.com\/pt\/wp-json\/wp\/v2\/posts\/165485","targetHints":{"allow":["GET"]}}],"collection":[{"href":"https:\/\/www.europesays.com\/pt\/wp-json\/wp\/v2\/posts"}],"about":[{"href":"https:\/\/www.europesays.com\/pt\/wp-json\/wp\/v2\/types\/post"}],"author":[{"embeddable":true,"href":"https:\/\/www.europesays.com\/pt\/wp-json\/wp\/v2\/users\/2"}],"replies":[{"embeddable":true,"href":"https:\/\/www.europesays.com\/pt\/wp-json\/wp\/v2\/comments?post=165485"}],"version-history":[{"count":0,"href":"https:\/\/www.europesays.com\/pt\/wp-json\/wp\/v2\/posts\/165485\/revisions"}],"wp:featuredmedia":[{"embeddable":true,"href":"https:\/\/www.europesays.com\/pt\/wp-json\/wp\/v2\/media\/165486"}],"wp:attachment":[{"href":"https:\/\/www.europesays.com\/pt\/wp-json\/wp\/v2\/media?parent=165485"}],"wp:term":[{"taxonomy":"category","embeddable":true,"href":"https:\/\/www.europesays.com\/pt\/wp-json\/wp\/v2\/categories?post=165485"},{"taxonomy":"post_tag","embeddable":true,"href":"https:\/\/www.europesays.com\/pt\/wp-json\/wp\/v2\/tags?post=165485"}],"curies":[{"name":"wp","href":"https:\/\/api.w.org\/{rel}","templated":true}]}}