{"id":165497,"date":"2025-11-26T06:26:22","date_gmt":"2025-11-26T06:26:22","guid":{"rendered":"https:\/\/www.europesays.com\/pt\/165497\/"},"modified":"2025-11-26T06:26:22","modified_gmt":"2025-11-26T06:26:22","slug":"atriz-de-american-pie-diz-ter-sido-vitima-de-boa-noite-cinderela-em-bar","status":"publish","type":"post","link":"https:\/\/www.europesays.com\/pt\/165497\/","title":{"rendered":"Atriz de &#8220;American Pie&#8221; diz ter sido v\u00edtima de &#8220;boa noite Cinderela&#8221; em bar"},"content":{"rendered":"<p class=\"my-5 break-words group-[.isActiveSource]:text-xl\">A atriz <strong class=\"group-[.isActiveSource]:text-xl group-[.isActiveSource]:font-bold\">Tara Reid<\/strong>, de <strong class=\"group-[.isActiveSource]:text-xl group-[.isActiveSource]:font-bold\">&#8220;American Pie&#8221;<\/strong>, revelou ter sido v\u00edtima de um &#8220;boa noite Cinderela&#8221; enquanto estava no bar de um hotel em Chicago, nos Estados Unidos. De acordo com seu relato, o incidente aconteceu no \u00faltimo fim de semana e ela teria desmaiado ap\u00f3s ser dopada.<\/p>\n<p class=\"my-5 break-words group-[.isActiveSource]:text-xl\">&#8220;Tara Reid registrou um boletim de ocorr\u00eancia ap\u00f3s um incidente no qual acredita que sua bebida foi adulterada. Ela est\u00e1 cooperando totalmente com a investiga\u00e7\u00e3o&#8221;, disse Jane Owen, representante de Reid, em um comunicado \u00e0\u00a0<a href=\"https:\/\/ew.com\/tara-reid-says-she-was-drugged-while-drinking-at-hotel-bar-11856241\" data-mrf-link=\"https:\/\/ew.com\/tara-reid-says-she-was-drugged-while-drinking-at-hotel-bar-11856241\" class=\"text-red-600 underline hover:text-red-500 font-medium break-words group-[.isActiveSource]:text-xl\" target=\"_blank\" rel=\"noopener noreferrer nofollow\">Entertainment Weekly<\/a>.<\/p>\n<p class=\"my-5 break-words group-[.isActiveSource]:text-xl\">Owen acrescentou: &#8220;Tara est\u00e1 se recuperando e pede privacidade durante este momento traum\u00e1tico. Ela tamb\u00e9m alerta a todos para que tomem cuidado, fiquem de olho em suas bebidas e nunca as deixem sem supervis\u00e3o, pois isso pode acontecer com qualquer um. Ela n\u00e3o far\u00e1 mais coment\u00e1rios neste momento&#8221;.<\/p>\n<p class=\"my-5 break-words group-[.isActiveSource]:text-xl\">Segundo Reid, ela teria ficado no bar por cerca de 30 minutos, a partir das 22h30. &#8220;Havia um monte de YouTubers no sagu\u00e3o, por toda parte. Eles estavam filmando, o que era muito estranho. Voltei ao bar e meu drinque estava coberto com um guardanapo. Achei estranho, porque eu n\u00e3o tinha colocado aquilo em cima da minha bebida&#8221;, disse a atriz.<\/p>\n<p class=\"my-5 break-words group-[.isActiveSource]:text-xl\">A atriz de <a href=\"https:\/\/www.cnnbrasil.com.br\/entretenimento\/atriz-canadense-de-american-pie-e-presa-ao-tentar-visto-nos-eua-diz-site\/\" class=\"text-red-600 underline hover:text-red-500 font-medium break-words group-[.isActiveSource]:text-xl\" target=\"_self\" rel=\"nofollow noopener\">&#8220;American Pie&#8221;<\/a> relembrou que algo estranho aconteceu &#8220;sem nem terminar de beber&#8221; e que em seguida, ela desmaiou. &#8220;Quando me dei conta, j\u00e1 estava no hospital oito horas depois&#8221;, revelou.<\/p>\n<p class=\"my-5 break-words group-[.isActiveSource]:text-xl\">Tara Reid contou que no hospital, recebeu a explica\u00e7\u00e3o de que havia sido drogada. &#8220;Tudo foi meio vago.\u00a0Tudo meio confuso. N\u00e3o consigo nem explicar, porque nem sei o que aconteceu&#8221;, finalizou.<\/p>\n","protected":false},"excerpt":{"rendered":"A atriz Tara Reid, de &#8220;American Pie&#8221;, revelou ter sido v\u00edtima de um &#8220;boa noite Cinderela&#8221; enquanto estava&hellip;\n","protected":false},"author":2,"featured_media":165498,"comment_status":"","ping_status":"","sticky":false,"template":"","format":"standard","meta":{"footnotes":""},"categories":[145],"tags":[211,210,114,115,32,33],"class_list":{"0":"post-165497","1":"post","2":"type-post","3":"status-publish","4":"format-standard","5":"has-post-thumbnail","7":"category-celebridades","8":"tag-celebridades","9":"tag-celebrities","10":"tag-entertainment","11":"tag-entretenimento","12":"tag-portugal","13":"tag-pt"},"share_on_mastodon":{"url":"https:\/\/pubeurope.com\/@pt\/115614579597295399","error":""},"_links":{"self":[{"href":"https:\/\/www.europesays.com\/pt\/wp-json\/wp\/v2\/posts\/165497","targetHints":{"allow":["GET"]}}],"collection":[{"href":"https:\/\/www.europesays.com\/pt\/wp-json\/wp\/v2\/posts"}],"about":[{"href":"https:\/\/www.europesays.com\/pt\/wp-json\/wp\/v2\/types\/post"}],"author":[{"embeddable":true,"href":"https:\/\/www.europesays.com\/pt\/wp-json\/wp\/v2\/users\/2"}],"replies":[{"embeddable":true,"href":"https:\/\/www.europesays.com\/pt\/wp-json\/wp\/v2\/comments?post=165497"}],"version-history":[{"count":0,"href":"https:\/\/www.europesays.com\/pt\/wp-json\/wp\/v2\/posts\/165497\/revisions"}],"wp:featuredmedia":[{"embeddable":true,"href":"https:\/\/www.europesays.com\/pt\/wp-json\/wp\/v2\/media\/165498"}],"wp:attachment":[{"href":"https:\/\/www.europesays.com\/pt\/wp-json\/wp\/v2\/media?parent=165497"}],"wp:term":[{"taxonomy":"category","embeddable":true,"href":"https:\/\/www.europesays.com\/pt\/wp-json\/wp\/v2\/categories?post=165497"},{"taxonomy":"post_tag","embeddable":true,"href":"https:\/\/www.europesays.com\/pt\/wp-json\/wp\/v2\/tags?post=165497"}],"curies":[{"name":"wp","href":"https:\/\/api.w.org\/{rel}","templated":true}]}}