{"id":165499,"date":"2025-11-26T06:29:10","date_gmt":"2025-11-26T06:29:10","guid":{"rendered":"https:\/\/www.europesays.com\/pt\/165499\/"},"modified":"2025-11-26T06:29:10","modified_gmt":"2025-11-26T06:29:10","slug":"casa-dos-segredos-apos-polemica-de-dylan-e-bruno-pai-de-ines-revela-acabou","status":"publish","type":"post","link":"https:\/\/www.europesays.com\/pt\/165499\/","title":{"rendered":"Casa dos Segredos &#8211; Ap\u00f3s pol\u00e9mica de Dylan e Bruno, pai de In\u00eas revela: &#8220;Acabou&#8221;"},"content":{"rendered":"<p>Sem sombra de d\u00favidas que o\u00a0maior apoiante de <strong>In\u00eas Gama<\/strong>, atual concorrente da <strong>Casa dos Segredos<\/strong>, \u00e9 o seu pai,<strong> Nuno Gama<\/strong>.<\/p>\n<p>Al\u00e9m de acompanhar as imagens da filha e comparecer \u00e0s galas, o progenitor \u00e9 tamb\u00e9m respons\u00e1vel pelo grupo privado de f\u00e3s no WhatsApp.<\/p>\n<p>No entanto, esta ter\u00e7a-feira, 25 de novembro, Nuno Gama anunciou no chat que deixar\u00e1 de aceitar donativos.<\/p>\n<p>&#8220;Acho grave, mesmo muito grave&#8230;&#8221;<\/p>\n<p>&#8220;Bom dia a todos. Quero come\u00e7ar este comunicado a agradecer a todas as pessoas que acompanham e contribu\u00edram para a In\u00eas estar nesta \u2018aventura\u2019. Dito isto, solicito que n\u00e3o enviem mais nenhuns donativos para salvar a In\u00eas. N\u00e3o pro\u00edbo ningu\u00e9m de votar na In\u00eas, porque n\u00e3o mando no que as pessoas queiram fazer. <strong>Para mim, esta aventura acabou, n\u00e3o me revejo na atitude amb\u00edgua que existe neste programa, assisti a coisas que acho grave, mesmo muito grave, da parte de alguns concorrentes e as atitudes tomadas pela produ\u00e7\u00e3o foram sempre amb\u00edguas.<\/strong> Para o bem da In\u00eas \u00e9 esta a minha decis\u00e3o, n\u00e3o andei a educar uma filha com princ\u00edpios, valores e car\u00e1cter para ser tudo posto em causa por um programa de televis\u00e3o. Um bom haja para todos, sejam felizes e lutem pelos vossos sonhos&#8221;, escreveu.<\/p>\n<p>Esta mensagem veio no seguimento da pol\u00e9mica que envolve <strong>Dylan Fonte\u00a0<\/strong>e <strong>Bruno Sim\u00e3o<\/strong>. Recorde-se que os dois concorrentes acusaram a produ\u00e7\u00e3o de favoritismo e amea\u00e7aram desistir do programa.<\/p>\n<p>Texto: Lu\u00eds Sigorro; Fotos: Redes sociais<\/p>\n<p class=\"intagram-text\">Siga a Nova Gente no Instagram<\/p>\n<p>                        <a href=\"https:\/\/www.instagram.com\/revistanovagente\/\" target=\"_blank\" aria-label=\"instagram\" rel=\"noopener nofollow\"><img decoding=\"async\" style=\"display: block; margin-left: auto; margin-right: auto; width: 250px; height: 83px;\" src=\"https:\/\/www.europesays.com\/pt\/wp-content\/uploads\/2025\/11\/Instagram_NG.png\" alt=\"instagram\"\/><\/a><br \/>\n                    <script async src=\"\/\/www.instagram.com\/embed.js\"><\/script><\/p>\n","protected":false},"excerpt":{"rendered":"Sem sombra de d\u00favidas que o\u00a0maior apoiante de In\u00eas Gama, atual concorrente da Casa dos Segredos, \u00e9 o&hellip;\n","protected":false},"author":2,"featured_media":165500,"comment_status":"","ping_status":"","sticky":false,"template":"","format":"standard","meta":{"footnotes":""},"categories":[142],"tags":[19139,2632,19105,114,115,25393,34991,32,33,151],"class_list":{"0":"post-165499","1":"post","2":"type-post","3":"status-publish","4":"format-standard","5":"has-post-thumbnail","7":"category-tv","8":"tag-bruno-simao","9":"tag-casa-dos-segredos","10":"tag-dylan","11":"tag-entertainment","12":"tag-entretenimento","13":"tag-ines-gama","14":"tag-nuno-gama","15":"tag-portugal","16":"tag-pt","17":"tag-tv"},"share_on_mastodon":{"url":"https:\/\/pubeurope.com\/@pt\/115614591745173430","error":""},"_links":{"self":[{"href":"https:\/\/www.europesays.com\/pt\/wp-json\/wp\/v2\/posts\/165499","targetHints":{"allow":["GET"]}}],"collection":[{"href":"https:\/\/www.europesays.com\/pt\/wp-json\/wp\/v2\/posts"}],"about":[{"href":"https:\/\/www.europesays.com\/pt\/wp-json\/wp\/v2\/types\/post"}],"author":[{"embeddable":true,"href":"https:\/\/www.europesays.com\/pt\/wp-json\/wp\/v2\/users\/2"}],"replies":[{"embeddable":true,"href":"https:\/\/www.europesays.com\/pt\/wp-json\/wp\/v2\/comments?post=165499"}],"version-history":[{"count":0,"href":"https:\/\/www.europesays.com\/pt\/wp-json\/wp\/v2\/posts\/165499\/revisions"}],"wp:featuredmedia":[{"embeddable":true,"href":"https:\/\/www.europesays.com\/pt\/wp-json\/wp\/v2\/media\/165500"}],"wp:attachment":[{"href":"https:\/\/www.europesays.com\/pt\/wp-json\/wp\/v2\/media?parent=165499"}],"wp:term":[{"taxonomy":"category","embeddable":true,"href":"https:\/\/www.europesays.com\/pt\/wp-json\/wp\/v2\/categories?post=165499"},{"taxonomy":"post_tag","embeddable":true,"href":"https:\/\/www.europesays.com\/pt\/wp-json\/wp\/v2\/tags?post=165499"}],"curies":[{"name":"wp","href":"https:\/\/api.w.org\/{rel}","templated":true}]}}