{"id":165507,"date":"2025-11-26T06:54:12","date_gmt":"2025-11-26T06:54:12","guid":{"rendered":"https:\/\/www.europesays.com\/pt\/165507\/"},"modified":"2025-11-26T06:54:12","modified_gmt":"2025-11-26T06:54:12","slug":"aline-borges-de-dona-de-mim-diz-como-foi-se-entender-como-mulher-negra","status":"publish","type":"post","link":"https:\/\/www.europesays.com\/pt\/165507\/","title":{"rendered":"Aline Borges, de &#8220;Dona de Mim&#8221;, diz como foi se entender como mulher negra"},"content":{"rendered":"<p class=\"my-5 break-words group-[.isActiveSource]:text-xl\">Int\u00e9rprete de T\u00e2nia em <strong class=\"group-[.isActiveSource]:text-xl group-[.isActiveSource]:font-bold\">&#8220;Dona de Mim&#8221;<\/strong>,<strong class=\"group-[.isActiveSource]:text-xl group-[.isActiveSource]:font-bold\"> Aline Borges<\/strong>, 50, foi uma das atrizes a pisar do black carpet do <strong class=\"group-[.isActiveSource]:text-xl group-[.isActiveSource]:font-bold\">Pr\u00eamio Pot\u00eancias 2025<\/strong> na noite da \u00faltima segunda-feira (24), em S\u00e3o Paulo.<\/p>\n<p class=\"my-5 break-words group-[.isActiveSource]:text-xl\">Concorrente da categoria de <a href=\"https:\/\/www.cnnbrasil.com.br\/entretenimento\/premio-potencias-2025-veja-a-lista-completa-de-vencedores\/\" target=\"_blank\" rel=\"noopener noreferrer nofollow\" class=\"text-red-600 underline hover:text-red-500 font-medium break-words group-[.isActiveSource]:text-xl\">Atriz Coadjuvante<\/a> por sua atua\u00e7\u00e3o na trama da TV Globo, ela conta que embora n\u00e3o tenha vindo de uma fam\u00edlia de artistas, sempre recebeu o principal para que continuasse apostando no sonho: o amor.<\/p>\n<p class=\"my-5 break-words group-[.isActiveSource]:text-xl\">\u00a0<\/p>\n<p class=\"my-5 break-words group-[.isActiveSource]:text-xl\">Com tr\u00eas d\u00e9cadas de carreira, ela j\u00e1 esteve na premia\u00e7\u00e3o em 2022, quando se consagrou como Atriz do Ano ao encarnar Zuleica, no remake de<a href=\"https:\/\/www.cnnbrasil.com.br\/entretenimento\/pantanal-e-mais-sete-producoes-brasileiras-sao-indicadas-ao-emmy-internacional-veja-lista\/\" target=\"_blank\" rel=\"noopener noreferrer nofollow\" class=\"text-red-600 underline hover:text-red-500 font-medium break-words group-[.isActiveSource]:text-xl\"> &#8220;Pantanal&#8221;<\/a>. &#8220;Ainda hoje, a gente vive em um pa\u00eds que n\u00e3o enxerga a nossa pot\u00eancia. Um pr\u00eamio que enaltece a nossa cultura, a nossa trajet\u00f3ria, deixa a gente emocionado. Acho que \u00e9 um pr\u00eamio vital&#8221;, disse com exclusividade \u00e0 <strong class=\"group-[.isActiveSource]:text-xl group-[.isActiveSource]:font-bold\">CNN<\/strong>.<\/p>\n<p class=\"my-5 break-words group-[.isActiveSource]:text-xl\">Ao lado de amigos como <a href=\"https:\/\/www.cnnbrasil.com.br\/entretenimento\/pericles-explica-segredo-de-carreira-de-mais-de-40-anos-na-musica\/\" target=\"_blank\" rel=\"noopener noreferrer nofollow\" class=\"text-red-600 underline hover:text-red-500 font-medium break-words group-[.isActiveSource]:text-xl\">P\u00e9ricles<\/a>, homenageado do noite, e o ex-BBB Rodrigo Fran\u00e7a, a quem atriz chama de &#8220;guru&#8221;, Aline conta ainda que encontros como esse funcionam como fortalecimento e uma oportunidade &#8220;de se enxergar grande&#8221;. &#8220;A gente precisa disso&#8221;, garante.<\/p>\n<p>&#8220;O medo vai paralisando a gente&#8221;, diz Aline Borges<\/p>\n<p class=\"my-5 break-words group-[.isActiveSource]:text-xl\">Na pele de sua primeira vil\u00e3 na obra de Rosane Svartman, Aline d\u00e1 vida a uma mulher complexa, forte e destemida, que n\u00e3o mede esfor\u00e7os para conquistar aquilo que considera seu por direito.<\/p>\n<p class=\"my-5 break-words group-[.isActiveSource]:text-xl\">&#8220;Acho que a T\u00e2nia me ensina a ser mais corajosa, a ser ousada, sabe?&#8221;, avalia. &#8220;Acho que me falta isso. Talvez, se eu tivesse um pouco mais da ousadia da T\u00e2nia, eu j\u00e1 estivesse fazendo sucesso h\u00e1 muito tempo. O medo vai paralisando a gente. Por isso, \u00e9 t\u00e3o importante a gente estar junto dos nossos, daqueles que nos fortalecem&#8221;, acrescenta.<\/p>\n<p class=\"my-5 break-words group-[.isActiveSource]:text-xl\">Ainda em entrevista \u00e0 <strong class=\"group-[.isActiveSource]:text-xl group-[.isActiveSource]:font-bold\">CNN<\/strong>, a atriz recorda que, em 2018, se entendeu como mulher negra. Desde ent\u00e3o, vem construindo a pr\u00f3pria identidade, entendendo a miss\u00e3o como artista e principalmente como artista negra no pa\u00eds.<\/p>\n<p class=\"my-5 break-words group-[.isActiveSource]:text-xl\">&#8220;Eu sou uma mulher negra de pele n\u00e3o retinta, isso causa uma confus\u00e3o na nossa cabe\u00e7a. Por isso, \u00e9 important\u00edssimo entender de onde voc\u00ea vem. Antes de eu entender de onde eu vinha, de entender que eu era uma mulher negra, eu ficava tentando me encaixar em lugares que n\u00e3o me pertenciam. Ent\u00e3o a gente tomba e sucumbe. \u00c9 importante se conectar com ancestralidade, ouvir a intui\u00e7\u00e3o e n\u00e3o abandonar os sonhos, porque sonhar alto \u00e9 o que leva a gente onde a gente quiser&#8221;, finaliza.<\/p>\n<blockquote class=\"instagram-media !mx-auto\" style=\"background:#FFF;border:0;border-radius:3px;box-shadow:0 0 1px 0 rgba(0,0,0,0.5),0 1px 10px 0 rgba(0,0,0,0.15);margin:1px;max-width:540px;min-width:326px;padding:0;width:calc(100% - 2px)\" data-instgrm-captioned=\"\" data-instgrm-permalink=\"https:\/\/www.instagram.com\/reel\/DRdFV29EYYD\/?utm_source=ig_embed&amp;utm_campaign=loading\" data-instgrm-version=\"14\">\n<\/blockquote>\n<p class=\"my-5 break-words group-[.isActiveSource]:text-xl\"><strong class=\"group-[.isActiveSource]:text-xl group-[.isActiveSource]:font-bold\">E mais: veja mais fotos do Pr\u00eamio Pot\u00eancias 2025<\/strong><\/p>\n<p><script async src=\"\/\/www.instagram.com\/embed.js\"><\/script><\/p>\n","protected":false},"excerpt":{"rendered":"Int\u00e9rprete de T\u00e2nia em &#8220;Dona de Mim&#8221;, Aline Borges, 50, foi uma das atrizes a pisar do black&hellip;\n","protected":false},"author":2,"featured_media":165508,"comment_status":"","ping_status":"","sticky":false,"template":"","format":"standard","meta":{"footnotes":""},"categories":[145],"tags":[211,210,114,115,32,33],"class_list":{"0":"post-165507","1":"post","2":"type-post","3":"status-publish","4":"format-standard","5":"has-post-thumbnail","7":"category-celebridades","8":"tag-celebridades","9":"tag-celebrities","10":"tag-entertainment","11":"tag-entretenimento","12":"tag-portugal","13":"tag-pt"},"share_on_mastodon":{"url":"https:\/\/pubeurope.com\/@pt\/115614689732414552","error":""},"_links":{"self":[{"href":"https:\/\/www.europesays.com\/pt\/wp-json\/wp\/v2\/posts\/165507","targetHints":{"allow":["GET"]}}],"collection":[{"href":"https:\/\/www.europesays.com\/pt\/wp-json\/wp\/v2\/posts"}],"about":[{"href":"https:\/\/www.europesays.com\/pt\/wp-json\/wp\/v2\/types\/post"}],"author":[{"embeddable":true,"href":"https:\/\/www.europesays.com\/pt\/wp-json\/wp\/v2\/users\/2"}],"replies":[{"embeddable":true,"href":"https:\/\/www.europesays.com\/pt\/wp-json\/wp\/v2\/comments?post=165507"}],"version-history":[{"count":0,"href":"https:\/\/www.europesays.com\/pt\/wp-json\/wp\/v2\/posts\/165507\/revisions"}],"wp:featuredmedia":[{"embeddable":true,"href":"https:\/\/www.europesays.com\/pt\/wp-json\/wp\/v2\/media\/165508"}],"wp:attachment":[{"href":"https:\/\/www.europesays.com\/pt\/wp-json\/wp\/v2\/media?parent=165507"}],"wp:term":[{"taxonomy":"category","embeddable":true,"href":"https:\/\/www.europesays.com\/pt\/wp-json\/wp\/v2\/categories?post=165507"},{"taxonomy":"post_tag","embeddable":true,"href":"https:\/\/www.europesays.com\/pt\/wp-json\/wp\/v2\/tags?post=165507"}],"curies":[{"name":"wp","href":"https:\/\/api.w.org\/{rel}","templated":true}]}}