{"id":165509,"date":"2025-11-26T06:57:11","date_gmt":"2025-11-26T06:57:11","guid":{"rendered":"https:\/\/www.europesays.com\/pt\/165509\/"},"modified":"2025-11-26T06:57:11","modified_gmt":"2025-11-26T06:57:11","slug":"apos-emagrecimento-noelia-responde-a-critica-sobre-flacidez-e-mostra-se-em-lingerie-secret-story","status":"publish","type":"post","link":"https:\/\/www.europesays.com\/pt\/165509\/","title":{"rendered":"Ap\u00f3s emagrecimento, No\u00e9lia responde a cr\u00edtica sobre flacidez e mostra-se em lingerie &#8211; Secret Story"},"content":{"rendered":"<p data-end=\"495\" data-start=\"138\">Ao longo dos \u00faltimos anos, <a href=\"https:\/\/tvi.iol.pt\/secretstory\/noelia-pereira\/big-brother-2020\/uma-transformacao-impressionante-mais-magra-noelia-pereira-da-que-falar-com-um-novo-video\" rel=\"nofollow noopener\" target=\"_blank\"><strong data-end=\"183\" data-start=\"165\">No\u00e9lia Pereira<\/strong> tem partilhado, no Instagram, a impressionante transforma\u00e7\u00e3o f\u00edsica<\/a> que vive h\u00e1 5 anos. A ex-finalista do <strong data-end=\"313\" data-start=\"291\">Big Brother 2020<\/strong>\u00a0tem perdido peso de forma acentuada e mostrado, passo a passo, como adotou um novo estilo de vida &#8211; mudan\u00e7a que lhe tem valido in\u00fameros elogios\u2026 e, ocasionalmente, algumas cr\u00edticas.<\/p>\n<p data-end=\"607\" data-start=\"497\">Desta vez, uma seguidora quis saber mais e questionou: \u00ab<strong data-end=\"607\" data-start=\"554\">E o que aconteceu \u00e0 flacidez da pele? N\u00e3o vejo!\u00bb.<\/strong><\/p>\n<p data-end=\"754\" data-start=\"609\">Sem rodeios e mantendo a frontalidade que sempre a caracterizou, No\u00e9lia respondeu\u2026 <strong data-end=\"720\" data-start=\"692\">mostrando-se em lingerie<\/strong>, num registo natural e confiante.<\/p>\n<p data-end=\"885\" data-start=\"756\">A empres\u00e1ria acabou ainda por esclarecer outra curiosidade: \u00ab<strong data-end=\"885\" data-start=\"818\">A cicatriz foi do trail. A mochila na \u00e1gua roeu-me a barriga\u00bb.\u00a0<\/strong>Uma resposta sincera, que volta a mostrar a forma transparente como No\u00e9lia lida com as mudan\u00e7as no corpo e com a exposi\u00e7\u00e3o p\u00fablica.<\/p>\n<p>\u00a0<br \/>\nRecentemente&#8230; <\/p>\n<p data-end=\"824\" data-start=\"522\">No\u00e9lia partilhou um reels no Instagram onde mostra um cinto que usava antes de iniciar o seu processo de mudan\u00e7a e que agora se encontra demasiado largo para a sua cintura atual.<\/p>\n<p data-end=\"1170\" data-start=\"826\">No v\u00eddeo, a empres\u00e1ria algarvia evidencia a diferen\u00e7a no tamanho, ilustrando o impacto da evolu\u00e7\u00e3o que tem vindo a alcan\u00e7ar de forma consistente. Sem recorrer a exageros nem a mensagens dram\u00e1ticas, No\u00e9lia voltou a usar a simplicidade e autenticidade que sempre a caracterizaram para mostrar o resultado do seu esfor\u00e7o ao longo dos \u00faltimos anos.<\/p>\n<p data-end=\"1385\" data-start=\"1172\">A ex-concorrente tem sido transparente ao longo do seu percurso, partilhando momentos, h\u00e1bitos e conquistas com os seguidores, tornando-se exemplo de disciplina e foco na ado\u00e7\u00e3o de um estilo de vida mais saud\u00e1vel.<\/p>\n<p data-end=\"1730\" data-start=\"1387\">A publica\u00e7\u00e3o est\u00e1 a somar elogios e rea\u00e7\u00f5es positivas, com muitos internautas a destacar a determina\u00e7\u00e3o e o compromisso de No\u00e9lia com o seu bem-estar f\u00edsico e emocional. A transforma\u00e7\u00e3o continua a motivar quem a segue desde a participa\u00e7\u00e3o no reality show da TVI, refor\u00e7ando o impacto da sua evolu\u00e7\u00e3o dentro e fora da casa mais vigiada do pa\u00eds.<\/p>\n<p>Veja o v\u00eddeo aqui: <\/p>\n<p data-end=\"1730\" data-start=\"1387\">\u00a0<\/p>\n","protected":false},"excerpt":{"rendered":"Ao longo dos \u00faltimos anos, No\u00e9lia Pereira tem partilhado, no Instagram, a impressionante transforma\u00e7\u00e3o f\u00edsica que vive h\u00e1&hellip;\n","protected":false},"author":2,"featured_media":165510,"comment_status":"","ping_status":"","sticky":false,"template":"","format":"standard","meta":{"footnotes":""},"categories":[142],"tags":[18706,6991,114,115,18705,34992,4880,32,33,151,18704],"class_list":{"0":"post-165509","1":"post","2":"type-post","3":"status-publish","4":"format-standard","5":"has-post-thumbnail","7":"category-tv","8":"tag-bastidores-secret-story","9":"tag-emagrecer","10":"tag-entertainment","11":"tag-entretenimento","12":"tag-entrevistas-concorrentes-tvi","13":"tag-noelia","14":"tag-perder-peso","15":"tag-portugal","16":"tag-pt","17":"tag-tv","18":"tag-vida-fora-da-casa"},"share_on_mastodon":{"url":"https:\/\/pubeurope.com\/@pt\/115614701492954699","error":""},"_links":{"self":[{"href":"https:\/\/www.europesays.com\/pt\/wp-json\/wp\/v2\/posts\/165509","targetHints":{"allow":["GET"]}}],"collection":[{"href":"https:\/\/www.europesays.com\/pt\/wp-json\/wp\/v2\/posts"}],"about":[{"href":"https:\/\/www.europesays.com\/pt\/wp-json\/wp\/v2\/types\/post"}],"author":[{"embeddable":true,"href":"https:\/\/www.europesays.com\/pt\/wp-json\/wp\/v2\/users\/2"}],"replies":[{"embeddable":true,"href":"https:\/\/www.europesays.com\/pt\/wp-json\/wp\/v2\/comments?post=165509"}],"version-history":[{"count":0,"href":"https:\/\/www.europesays.com\/pt\/wp-json\/wp\/v2\/posts\/165509\/revisions"}],"wp:featuredmedia":[{"embeddable":true,"href":"https:\/\/www.europesays.com\/pt\/wp-json\/wp\/v2\/media\/165510"}],"wp:attachment":[{"href":"https:\/\/www.europesays.com\/pt\/wp-json\/wp\/v2\/media?parent=165509"}],"wp:term":[{"taxonomy":"category","embeddable":true,"href":"https:\/\/www.europesays.com\/pt\/wp-json\/wp\/v2\/categories?post=165509"},{"taxonomy":"post_tag","embeddable":true,"href":"https:\/\/www.europesays.com\/pt\/wp-json\/wp\/v2\/tags?post=165509"}],"curies":[{"name":"wp","href":"https:\/\/api.w.org\/{rel}","templated":true}]}}