{"id":165511,"date":"2025-11-26T07:08:20","date_gmt":"2025-11-26T07:08:20","guid":{"rendered":"https:\/\/www.europesays.com\/pt\/165511\/"},"modified":"2025-11-26T07:08:20","modified_gmt":"2025-11-26T07:08:20","slug":"veja-os-looks-dos-famosos-na-festa-de-natal-de-andrea-guimaraes","status":"publish","type":"post","link":"https:\/\/www.europesays.com\/pt\/165511\/","title":{"rendered":"Veja os looks dos famosos na festa de Natal de Andrea Guimar\u00e3es"},"content":{"rendered":"<p>                            <img width=\"800\" height=\"450\" src=\"https:\/\/www.europesays.com\/pt\/wp-content\/uploads\/2025\/11\/famosos-1-1-800x450.jpg\" class=\"post-featured-image wp-post-image\" alt=\"Renata Abravanel, Andrea Guimar\u00e3es e Luiza Possi - Foto: Lucas Ramos \/ Brazil News\"  loading=\"eager\" fetchpriority=\"high\" decoding=\"async\" \/>Renata Abravanel, Andrea Guimar\u00e3es e Luiza Possi &#8211; Foto: Lucas Ramos \/ Brazil News<\/p>\n<p>A decoradora de festas <a href=\"https:\/\/caras.com.br\/tags\/andrea-guimaraes\" rel=\"nofollow noopener\" target=\"_blank\"><strong>Andrea Guimar\u00e3es<\/strong><\/a> reuniu seus amigos para uma noite especial nesta ter\u00e7a-feira, 25. Ela realizou sua tradicional festa de Natal em S\u00e3o Paulo com decora\u00e7\u00e3o luxuosa.<\/p>\n<p>Nesta edi\u00e7\u00e3o, a decora\u00e7\u00e3o seguiu a tradicional paleta de Natal, com muito vermelho, verde, luzes e itens brilhantes. O sal\u00e3o de festas foi enfeitado do teto ao ch\u00e3o e ela cuidou de todos os detalhes, incluindo a mesa posta.<\/p>\n<p>Os convidados apostaram em looks pretos elegantes para a grande noite. A lista de famosos contou com <strong>Luiza Possi<\/strong>, <strong>Virna<\/strong>, <strong>Renata Abravanel<\/strong>, <strong>Adriana Colin<\/strong>, <strong>Beth Szafir<\/strong>, <strong>Thiago Oliveira<\/strong>, <strong>Amaury Jr<\/strong>, <strong>Amanda Fran\u00e7ozo<\/strong> e <strong>Laura Portiolli<\/strong>.<\/p>\n<p> Veja as fotos looks das celebridades e da decora\u00e7\u00e3o da festa: <img loading=\"lazy\" decoding=\"async\" class=\"wp-image-1036072 size-full img-fluid lazy\" alt=\"Renata Abravanel - Foto: Lucas Ramos \/ Brazil News\" width=\"1366\" height=\"2048\" src=\"https:\/\/www.europesays.com\/pt\/wp-content\/uploads\/2025\/11\/0Y6A1455.jpg\"  \/>Renata Abravanel \u2013 Foto: Lucas Ramos \/ Brazil News <img loading=\"lazy\" decoding=\"async\" class=\"wp-image-1036073 size-full img-fluid lazy\" alt=\"Luiza Possi - Foto: Lucas Ramos \/ Brazil News\" width=\"1366\" height=\"2048\" src=\"https:\/\/www.europesays.com\/pt\/wp-content\/uploads\/2025\/11\/0Y6A1470.jpg\"  \/>Luiza Possi \u2013 Foto: Lucas Ramos \/ Brazil News <img loading=\"lazy\" decoding=\"async\" class=\"wp-image-1036077 size-full img-fluid lazy\" alt=\"Andrea Guimar\u00e3es - Foto: Clayton Felizardo \/ Brazilnews\" width=\"1578\" height=\"2300\" src=\"https:\/\/www.europesays.com\/pt\/wp-content\/uploads\/2025\/11\/IMG_9629.jpg\"  \/>Andrea Guimar\u00e3es \u2013 Foto: Clayton Felizardo \/ Brazilnews <img loading=\"lazy\" decoding=\"async\" class=\"wp-image-1036092 size-full img-fluid lazy\" alt=\"Sacha Chryzman - Foto: Lucas Ramos \/ Brazil News\" width=\"1366\" height=\"2048\" src=\"https:\/\/www.europesays.com\/pt\/wp-content\/uploads\/2025\/11\/0Y6A1566.jpg\"  \/>Sacha Chryzman \u2013 Foto: Lucas Ramos \/ Brazil News <img loading=\"lazy\" decoding=\"async\" class=\"wp-image-1036093 size-full img-fluid lazy\" alt=\"Renata Alves - Foto: Lucas Ramos \/ Brazil News\" width=\"1366\" height=\"2048\" src=\"https:\/\/www.europesays.com\/pt\/wp-content\/uploads\/2025\/11\/0Y6A1581.jpg\"  \/>Renata Alves \u2013 Foto: Lucas Ramos \/ Brazil News <img loading=\"lazy\" decoding=\"async\" class=\"wp-image-1036094 size-full img-fluid lazy\" alt=\"Luciana Cardoso - Foto: Lucas Ramos \/ Brazil News\" width=\"1366\" height=\"2048\" src=\"https:\/\/www.europesays.com\/pt\/wp-content\/uploads\/2025\/11\/0Y6A1588.jpg\"  \/>Luciana Cardoso \u2013 Foto: Lucas Ramos \/ Brazil News <img loading=\"lazy\" decoding=\"async\" class=\"wp-image-1036096 size-full img-fluid lazy\" alt=\"Fabiola Gadelha e o marido - Foto: Lucas Ramos \/ Brazil News\" width=\"1366\" height=\"2048\" src=\"https:\/\/www.europesays.com\/pt\/wp-content\/uploads\/2025\/11\/0Y6A1617.jpg\"  \/>Fabiola Gadelha e o marido \u2013 Foto: Lucas Ramos \/ Brazil News <img loading=\"lazy\" decoding=\"async\" class=\"wp-image-1036097 size-full img-fluid lazy\" alt=\"Tom Cavalcante e fam\u00edlia - Foto: Lucas Ramos \/ Brazil News\" width=\"1600\" height=\"2000\" src=\"https:\/\/www.europesays.com\/pt\/wp-content\/uploads\/2025\/11\/IMG-3-1.jpg\"  \/>Tom Cavalcante e fam\u00edlia \u2013 Foto: Lucas Ramos \/ Brazil News <img loading=\"lazy\" decoding=\"async\" class=\"wp-image-1036078 size-full img-fluid lazy\" alt=\"Virna - Foto: Clayton Felizardo \/ Brazilnews\" width=\"1560\" height=\"2300\" src=\"https:\/\/www.europesays.com\/pt\/wp-content\/uploads\/2025\/11\/IMG_9674.jpg\"  \/>Virna \u2013 Foto: Clayton Felizardo \/ Brazilnews <img loading=\"lazy\" decoding=\"async\" class=\"wp-image-1036074 size-full img-fluid lazy\" alt=\"Beth Szafir e amigo - Foto: Lucas Ramos \/ Brazil News\" width=\"1366\" height=\"2048\" src=\"https:\/\/www.europesays.com\/pt\/wp-content\/uploads\/2025\/11\/0Y6A1504.jpg\"  \/>Beth Szafir e amigo \u2013 Foto: Lucas Ramos \/ Brazil News <img loading=\"lazy\" decoding=\"async\" class=\"wp-image-1036079 size-full img-fluid lazy\" alt=\"Adriana Colin - Foto: Clayton Felizardo \/ Brazilnews\" width=\"1688\" height=\"2300\" src=\"https:\/\/www.europesays.com\/pt\/wp-content\/uploads\/2025\/11\/IMG_9692.jpg\"  \/>Adriana Colin \u2013 Foto: Clayton Felizardo \/ Brazilnews <img loading=\"lazy\" decoding=\"async\" class=\"wp-image-1036080 size-full img-fluid lazy\" alt=\"Thiago Oliveira - Foto: Clayton Felizardo \/ Brazilnews\" width=\"1424\" height=\"2300\" src=\"https:\/\/www.europesays.com\/pt\/wp-content\/uploads\/2025\/11\/IMG_9732.jpg\"  \/>Thiago Oliveira \u2013 Foto: Clayton Felizardo \/ Brazilnews <img loading=\"lazy\" decoding=\"async\" class=\"wp-image-1036081 size-full img-fluid lazy\" alt=\"Laura Portiolli - Foto: Clayton Felizardo \/ Brazilnews\" width=\"1434\" height=\"2300\" src=\"https:\/\/www.europesays.com\/pt\/wp-content\/uploads\/2025\/11\/IMG_9752.jpg\"  \/>Laura Portiolli \u2013 Foto: Clayton Felizardo \/ Brazilnews <img loading=\"lazy\" decoding=\"async\" class=\"wp-image-1036082 size-full img-fluid lazy\" alt=\"Amaury Jr. e Celina Ferreira - Foto: Clayton Felizardo \/ Brazilnews\" width=\"1445\" height=\"2300\" src=\"https:\/\/www.europesays.com\/pt\/wp-content\/uploads\/2025\/11\/IMG_9763.jpg\"  \/>Amaury Jr. e Celina Ferreira \u2013 Foto: Clayton Felizardo \/ Brazilnews <img loading=\"lazy\" decoding=\"async\" class=\"wp-image-1036083 size-full img-fluid lazy\" alt=\"Amanda Fran\u00e7ozo e Fabiano Zucco - Foto: Clayton Felizardo \/ Brazilnews\" width=\"1533\" height=\"2300\" src=\"https:\/\/www.europesays.com\/pt\/wp-content\/uploads\/2025\/11\/IMG_9769.jpg\"  \/>Amanda Fran\u00e7ozo e Fabiano Zucco \u2013 Foto: Clayton Felizardo \/ Brazilnews <img loading=\"lazy\" decoding=\"async\" class=\"wp-image-1036086 size-full img-fluid lazy\" alt=\"Andrea Guimar\u00e3es - Foto: Clayton Felizardo \/ Brazilnews\" width=\"1429\" height=\"2000\" src=\"https:\/\/www.europesays.com\/pt\/wp-content\/uploads\/2025\/11\/IMG-07-3.jpg\"  \/>Andrea Guimar\u00e3es \u2013 Foto: Clayton Felizardo \/ Brazilnews <img loading=\"lazy\" decoding=\"async\" class=\"wp-image-1036076 size-full img-fluid lazy\" alt=\"Festa de Natal de Andrea Guimar\u00e3es - Foto: Clayton Felizardo \/ Brazilnews\" width=\"2300\" height=\"1578\" src=\"https:\/\/www.europesays.com\/pt\/wp-content\/uploads\/2025\/11\/IMG_9611.jpg\"  \/>Festa de Natal de Andrea Guimar\u00e3es \u2013 Foto: Clayton Felizardo \/ Brazilnews <img loading=\"lazy\" decoding=\"async\" class=\"wp-image-1036090 size-full img-fluid lazy\" alt=\"Festa de Natal de Andrea Guimar\u00e3es - Foto: Clayton Felizardo \/ Brazilnews\" width=\"1333\" height=\"2000\" src=\"https:\/\/www.europesays.com\/pt\/wp-content\/uploads\/2025\/11\/IMG-40.jpg\"  \/>Festa de Natal de Andrea Guimar\u00e3es \u2013 Foto: Clayton Felizardo \/ Brazilnews <img loading=\"lazy\" decoding=\"async\" class=\"wp-image-1036089 size-full img-fluid lazy\" alt=\"Festa de Natal de Andrea Guimar\u00e3es - Foto: Clayton Felizardo \/ Brazilnews\" width=\"1333\" height=\"2000\" src=\"https:\/\/www.europesays.com\/pt\/wp-content\/uploads\/2025\/11\/IMG-32.jpg\"  \/>Festa de Natal de Andrea Guimar\u00e3es \u2013 Foto: Clayton Felizardo \/ Brazilnews <img loading=\"lazy\" decoding=\"async\" class=\"wp-image-1036088 size-full img-fluid lazy\" alt=\"Festa de Natal de Andrea Guimar\u00e3es - Foto: Clayton Felizardo \/ Brazilnews\" width=\"2000\" height=\"1429\" src=\"https:\/\/www.europesays.com\/pt\/wp-content\/uploads\/2025\/11\/IMG-25-2.jpg\"  \/>Festa de Natal de Andrea Guimar\u00e3es \u2013 Foto: Clayton Felizardo \/ Brazilnews <img loading=\"lazy\" decoding=\"async\" class=\"wp-image-1036087 size-full img-fluid lazy\" alt=\"Festa de Natal de Andrea Guimar\u00e3es - Foto: Clayton Felizardo \/ Brazilnews\" width=\"1429\" height=\"2000\" src=\"https:\/\/www.europesays.com\/pt\/wp-content\/uploads\/2025\/11\/IMG-07-4.jpg\"  \/>Festa de Natal de Andrea Guimar\u00e3es \u2013 Foto: Clayton Felizardo \/ Brazilnews <img loading=\"lazy\" decoding=\"async\" class=\"wp-image-1036085 size-full img-fluid lazy\" alt=\"Festa de Natal de Andrea Guimar\u00e3es - Foto: Clayton Felizardo \/ Brazilnews\" width=\"1429\" height=\"2000\" src=\"https:\/\/www.europesays.com\/pt\/wp-content\/uploads\/2025\/11\/IMG-03-8.jpg\"  \/>Festa de Natal de Andrea Guimar\u00e3es \u2013 Foto: Clayton Felizardo \/ Brazilnews <img loading=\"lazy\" decoding=\"async\" class=\"wp-image-1036084 size-full img-fluid lazy\" alt=\"Festa de Natal de Andrea Guimar\u00e3es - Foto: Clayton Felizardo \/ Brazilnews\" width=\"1429\" height=\"2000\" src=\"https:\/\/www.europesays.com\/pt\/wp-content\/uploads\/2025\/11\/IMG-01-3.jpg\"  \/>Festa de Natal de Andrea Guimar\u00e3es \u2013 Foto: Clayton Felizardo \/ Brazilnews <img loading=\"lazy\" decoding=\"async\" class=\"wp-image-1036071 size-full img-fluid lazy\" alt=\"Festa de Natal de Andrea Guimar\u00e3es - Foto: Lucas Ramos \/ Brazil News\" width=\"1366\" height=\"2048\" src=\"https:\/\/www.europesays.com\/pt\/wp-content\/uploads\/2025\/11\/0Y6A1450.jpg\"  \/>Festa de Natal de Andrea Guimar\u00e3es \u2013 Foto: Lucas Ramos \/ Brazil News <img loading=\"lazy\" decoding=\"async\" class=\"wp-image-1036070 size-full img-fluid lazy\" alt=\"Festa de Natal de Andrea Guimar\u00e3es - Foto: Lucas Ramos \/ Brazil News\" width=\"2048\" height=\"1366\" src=\"https:\/\/www.europesays.com\/pt\/wp-content\/uploads\/2025\/11\/0Y6A1440.jpg\"  \/>Festa de Natal de Andrea Guimar\u00e3es \u2013 Foto: Lucas Ramos \/ Brazil News\t\t\t<\/p>\n<p>        <a href=\"https:\/\/caras.com.br\/autor\/priscilla-comoti\" rel=\"nofollow noopener\" target=\"_blank\">&#13;<br \/>\n          <img alt=\"Priscilla Comoti\" src=\"https:\/\/www.europesays.com\/pt\/wp-content\/uploads\/2025\/11\/1764140900_698_e53883bdf02c542f6517b68879e8cb08b27a1d55c4dfd53577e47d3ab6331a06\"  class=\"avatar avatar-115 photo rounded-circle mr-3\" height=\"115\" width=\"115\" loading=\"lazy\" decoding=\"async\"\/>        <\/a><\/p>\n<p>Priscilla Comoti \u00e9 editora de conte\u00fado do site CARAS. Ela \u00e9 formada em jornalismo e em audiovisual, j\u00e1 passou pelos sites Contigo!, Minha Novela, TiTiTi, Mais Novela e Portal M\u00e1rcia Piovesan. Escreve sobre celebridades, not\u00edcias sobre a fam\u00edlia real brit\u00e2nica, TV, reality show e novelas.<\/p>\n","protected":false},"excerpt":{"rendered":"Renata Abravanel, Andrea Guimar\u00e3es e Luiza Possi &#8211; Foto: Lucas Ramos \/ Brazil News A decoradora de festas&hellip;\n","protected":false},"author":2,"featured_media":165512,"comment_status":"","ping_status":"","sticky":false,"template":"","format":"standard","meta":{"footnotes":""},"categories":[145],"tags":[34993,211,210,1875,114,115,980,34994,4319,32,33],"class_list":{"0":"post-165511","1":"post","2":"type-post","3":"status-publish","4":"format-standard","5":"has-post-thumbnail","7":"category-celebridades","8":"tag-andrea-guimaraes","9":"tag-celebridades","10":"tag-celebrities","11":"tag-decoracao","12":"tag-entertainment","13":"tag-entretenimento","14":"tag-famosos","15":"tag-festa-de-natal","16":"tag-look","17":"tag-portugal","18":"tag-pt"},"share_on_mastodon":{"url":"https:\/\/pubeurope.com\/@pt\/115614745723211265","error":""},"_links":{"self":[{"href":"https:\/\/www.europesays.com\/pt\/wp-json\/wp\/v2\/posts\/165511","targetHints":{"allow":["GET"]}}],"collection":[{"href":"https:\/\/www.europesays.com\/pt\/wp-json\/wp\/v2\/posts"}],"about":[{"href":"https:\/\/www.europesays.com\/pt\/wp-json\/wp\/v2\/types\/post"}],"author":[{"embeddable":true,"href":"https:\/\/www.europesays.com\/pt\/wp-json\/wp\/v2\/users\/2"}],"replies":[{"embeddable":true,"href":"https:\/\/www.europesays.com\/pt\/wp-json\/wp\/v2\/comments?post=165511"}],"version-history":[{"count":0,"href":"https:\/\/www.europesays.com\/pt\/wp-json\/wp\/v2\/posts\/165511\/revisions"}],"wp:featuredmedia":[{"embeddable":true,"href":"https:\/\/www.europesays.com\/pt\/wp-json\/wp\/v2\/media\/165512"}],"wp:attachment":[{"href":"https:\/\/www.europesays.com\/pt\/wp-json\/wp\/v2\/media?parent=165511"}],"wp:term":[{"taxonomy":"category","embeddable":true,"href":"https:\/\/www.europesays.com\/pt\/wp-json\/wp\/v2\/categories?post=165511"},{"taxonomy":"post_tag","embeddable":true,"href":"https:\/\/www.europesays.com\/pt\/wp-json\/wp\/v2\/tags?post=165511"}],"curies":[{"name":"wp","href":"https:\/\/api.w.org\/{rel}","templated":true}]}}