{"id":165516,"date":"2025-11-26T07:21:26","date_gmt":"2025-11-26T07:21:26","guid":{"rendered":"https:\/\/www.europesays.com\/pt\/165516\/"},"modified":"2025-11-26T07:21:26","modified_gmt":"2025-11-26T07:21:26","slug":"selecionador-espanhol-pede-desculpa-o-primeiro-a-sentir-vergonha-sou-eu","status":"publish","type":"post","link":"https:\/\/www.europesays.com\/pt\/165516\/","title":{"rendered":"Selecionador espanhol pede desculpa: \u00abO primeiro a sentir vergonha sou eu\u00bb"},"content":{"rendered":"<p>O selecionador espanhol, Luis de la Fuente, pediu desculpa por n\u00e3o ter cumprimentado o quarto \u00e1rbitro ap\u00f3s o empate frente \u00e0 <a class=\"autolink-enabled\" data-resource-id=\"25540\" data-resource-type=\"team\" data-sport=\"football\" href=\"https:\/\/www.abola.pt\/futebol\/turquia-25540\" rel=\"nofollow noopener\" target=\"_blank\">Turquia<\/a>, no passado dia 18 de novembro.<\/p>\n<p>Inicialmente, o t\u00e9cnico de 64 anos tinha dito que n\u00e3o havia visto o \u00e1rbitro, logo ap\u00f3s a partida, no programa El Partidazo de COPE. Agora, deu um passo atr\u00e1s e retratou-se.<\/p>\n<p>\u00abN\u00e3o me sinto nada orgulhoso, muito pelo contr\u00e1rio. Quero pedir desculpa publicamente\u00bb, come\u00e7ou por dizer, na Fibwi Radio.<\/p>\n<p>\u00abT\u00ednhamos tido diferentes pontos de vista e alguma tens\u00e3o durante o jogo. Senti que ele n\u00e3o se tinha portado bem comigo e quis mostrar esse desagrado. Arrependo-me, porque n\u00e3o sou assim nem devia t\u00ea-lo feito\u00bb, acrescentou o selecionador de <a class=\"autolink-enabled\" data-resource-id=\"1770\" data-resource-type=\"team\" data-sport=\"football\" href=\"https:\/\/www.abola.pt\/futebol\/espanha-1770\" rel=\"nofollow noopener\" target=\"_blank\">Espanha<\/a>.<\/p>\n<p>O treinador fez ainda quest\u00e3o de sublinhar a import\u00e2ncia do exemplo que algu\u00e9m na sua posi\u00e7\u00e3o deve transmitir: \u00abTemos uma responsabilidade. H\u00e1 muitas pessoas que nos observam e temos de projetar uma imagem que esteja \u00e0 altura das circunst\u00e2ncias, n\u00e3o s\u00f3 no futebol, mas tamb\u00e9m a n\u00edvel humano.\u00bb<\/p>\n<p>\u00abNaquele instante, estamos com as pulsa\u00e7\u00f5es muito altas e de cabe\u00e7a quente. Devia ter falado com ele, n\u00e3o negar o cumprimento. O primeiro a sentir vergonha sou eu\u00bb, reconheceu ainda.<\/p>\n<p>Refira-se que a Espanha confirmou o apuramento para o <a class=\"autolink-enabled\" data-resource-id=\"30\" data-resource-type=\"competition\" data-sport=\"football\" href=\"https:\/\/www.abola.pt\/futebol\/competicao\/mundial-30\" rel=\"nofollow noopener\" target=\"_blank\">Mundial<\/a> 2026 nesse empate diante da Turquia, a duas bolas, em Sevilha. No conjunto turco, <a class=\"autolink-enabled\" data-resource-id=\"266202\" data-resource-type=\"player\" data-sport=\"football\" href=\"https:\/\/www.abola.pt\/futebol\/jogador\/deniz-gul-266202\" rel=\"nofollow noopener\" target=\"_blank\">Deniz Gul<\/a>, avan\u00e7ado do <a class=\"autolink-enabled\" data-resource-id=\"451\" data-resource-type=\"team\" data-sport=\"football\" href=\"https:\/\/www.abola.pt\/futebol\/fc-porto-451\" rel=\"nofollow noopener\" target=\"_blank\">FC Porto<\/a>, marcou um dos golos.<\/p>\n<p><a target=\"_blank\" class=\"editor-link Hyperlink SCXW143518105 BCX8\" href=\"https:\/\/profile.google.com\/cp\/CgkvbS8wNWNjOHQ?pf=0\" rel=\"nofollow noopener\">Siga o perfil de <strong>A BOLA<\/strong> no Google<\/a><\/p>\n","protected":false},"excerpt":{"rendered":"O selecionador espanhol, Luis de la Fuente, pediu desculpa por n\u00e3o ter cumprimentado o quarto \u00e1rbitro ap\u00f3s o&hellip;\n","protected":false},"author":2,"featured_media":165517,"comment_status":"","ping_status":"","sticky":false,"template":"","format":"standard","meta":{"footnotes":""},"categories":[8],"tags":[27,28,15,16,14,25,26,21,22,12,13,19,20,32,23,24,33,17,18,29,30,31],"class_list":{"0":"post-165516","1":"post","2":"type-post","3":"status-publish","4":"format-standard","5":"has-post-thumbnail","7":"category-principais-noticias","8":"tag-breaking-news","9":"tag-breakingnews","10":"tag-featured-news","11":"tag-featurednews","12":"tag-headlines","13":"tag-latest-news","14":"tag-latestnews","15":"tag-main-news","16":"tag-mainnews","17":"tag-news","18":"tag-noticias","19":"tag-noticias-principais","20":"tag-noticiasprincipais","21":"tag-portugal","22":"tag-principais-noticias","23":"tag-principaisnoticias","24":"tag-pt","25":"tag-top-stories","26":"tag-topstories","27":"tag-ultimas","28":"tag-ultimas-noticias","29":"tag-ultimasnoticias"},"share_on_mastodon":{"url":"https:\/\/pubeurope.com\/@pt\/115614796009600463","error":""},"_links":{"self":[{"href":"https:\/\/www.europesays.com\/pt\/wp-json\/wp\/v2\/posts\/165516","targetHints":{"allow":["GET"]}}],"collection":[{"href":"https:\/\/www.europesays.com\/pt\/wp-json\/wp\/v2\/posts"}],"about":[{"href":"https:\/\/www.europesays.com\/pt\/wp-json\/wp\/v2\/types\/post"}],"author":[{"embeddable":true,"href":"https:\/\/www.europesays.com\/pt\/wp-json\/wp\/v2\/users\/2"}],"replies":[{"embeddable":true,"href":"https:\/\/www.europesays.com\/pt\/wp-json\/wp\/v2\/comments?post=165516"}],"version-history":[{"count":0,"href":"https:\/\/www.europesays.com\/pt\/wp-json\/wp\/v2\/posts\/165516\/revisions"}],"wp:featuredmedia":[{"embeddable":true,"href":"https:\/\/www.europesays.com\/pt\/wp-json\/wp\/v2\/media\/165517"}],"wp:attachment":[{"href":"https:\/\/www.europesays.com\/pt\/wp-json\/wp\/v2\/media?parent=165516"}],"wp:term":[{"taxonomy":"category","embeddable":true,"href":"https:\/\/www.europesays.com\/pt\/wp-json\/wp\/v2\/categories?post=165516"},{"taxonomy":"post_tag","embeddable":true,"href":"https:\/\/www.europesays.com\/pt\/wp-json\/wp\/v2\/tags?post=165516"}],"curies":[{"name":"wp","href":"https:\/\/api.w.org\/{rel}","templated":true}]}}