{"id":165521,"date":"2025-11-26T07:35:12","date_gmt":"2025-11-26T07:35:12","guid":{"rendered":"https:\/\/www.europesays.com\/pt\/165521\/"},"modified":"2025-11-26T07:35:12","modified_gmt":"2025-11-26T07:35:12","slug":"jose-mourinho-leandro-barreiro-e-um-jogador-a-benfica","status":"publish","type":"post","link":"https:\/\/www.europesays.com\/pt\/165521\/","title":{"rendered":"Jos\u00e9 Mourinho: \u00abLeandro Barreiro \u00e9 um jogador \u00e0 Benfica\u00bb"},"content":{"rendered":"<p><strong>Na rea\u00e7\u00e3o ao triunfo do Benfica sobre o Ajax, em Amesterd\u00e3o, <a href=\"https:\/\/maisfutebol.iol.pt\/jogo\/aominuto\/13830160\" rel=\"nofollow noopener\" target=\"_blank\">por 2-0<\/a>, na quinta jornada da fase de Liga de Champions, Jos\u00e9 Mourinho deixou elogios a Leandro Barreiro, um dos marcadores.<\/strong><\/p>\n<p> Quantos tirava ao intervalo? <\/p>\n<p>\u00abN\u00e3o tirava nenhum. Uns com maior preponder\u00e2ncia, outros com menos, mas todos a cumprirem o plano de jogo. Tanto que, com cinco substitui\u00e7\u00f5es s\u00f3 fa\u00e7o a primeira nos \u00faltimos 15 minutos e nem fiz as cinco dispon\u00edveis. Estava contente.\u00bb<\/p>\n<p> Leandro Barreiro <\/p>\n<p>\u00abEstou de acordo que o Leandro Barreiro \u00e9 jogador \u00e0 Benfica, pela atitude, pela serenidade, pela multifuncionalidade. \u00c9 um grande jogador de equipa.\u00bb<\/p>\n","protected":false},"excerpt":{"rendered":"Na rea\u00e7\u00e3o ao triunfo do Benfica sobre o Ajax, em Amesterd\u00e3o, por 2-0, na quinta jornada da fase&hellip;\n","protected":false},"author":2,"featured_media":165522,"comment_status":"","ping_status":"","sticky":false,"template":"","format":"standard","meta":{"footnotes":""},"categories":[8],"tags":[1069,11974,51,27,28,5043,15,16,14,1385,25,26,30300,21,22,46,7864,12,13,19,20,32,23,24,33,47,17,18,29,30,31],"class_list":{"0":"post-165521","1":"post","2":"type-post","3":"status-publish","4":"format-standard","5":"has-post-thumbnail","7":"category-principais-noticias","8":"tag-ajax","9":"tag-barreiro","10":"tag-benfica","11":"tag-breaking-news","12":"tag-breakingnews","13":"tag-champions","14":"tag-featured-news","15":"tag-featurednews","16":"tag-headlines","17":"tag-jose-mourinho","18":"tag-latest-news","19":"tag-latestnews","20":"tag-leandro-barreiro","21":"tag-main-news","22":"tag-mainnews","23":"tag-maisfutebol","24":"tag-mourinho","25":"tag-news","26":"tag-noticias","27":"tag-noticias-principais","28":"tag-noticiasprincipais","29":"tag-portugal","30":"tag-principais-noticias","31":"tag-principaisnoticias","32":"tag-pt","33":"tag-pura-paixao","34":"tag-top-stories","35":"tag-topstories","36":"tag-ultimas","37":"tag-ultimas-noticias","38":"tag-ultimasnoticias"},"share_on_mastodon":{"url":"https:\/\/pubeurope.com\/@pt\/115614851142500998","error":""},"_links":{"self":[{"href":"https:\/\/www.europesays.com\/pt\/wp-json\/wp\/v2\/posts\/165521","targetHints":{"allow":["GET"]}}],"collection":[{"href":"https:\/\/www.europesays.com\/pt\/wp-json\/wp\/v2\/posts"}],"about":[{"href":"https:\/\/www.europesays.com\/pt\/wp-json\/wp\/v2\/types\/post"}],"author":[{"embeddable":true,"href":"https:\/\/www.europesays.com\/pt\/wp-json\/wp\/v2\/users\/2"}],"replies":[{"embeddable":true,"href":"https:\/\/www.europesays.com\/pt\/wp-json\/wp\/v2\/comments?post=165521"}],"version-history":[{"count":0,"href":"https:\/\/www.europesays.com\/pt\/wp-json\/wp\/v2\/posts\/165521\/revisions"}],"wp:featuredmedia":[{"embeddable":true,"href":"https:\/\/www.europesays.com\/pt\/wp-json\/wp\/v2\/media\/165522"}],"wp:attachment":[{"href":"https:\/\/www.europesays.com\/pt\/wp-json\/wp\/v2\/media?parent=165521"}],"wp:term":[{"taxonomy":"category","embeddable":true,"href":"https:\/\/www.europesays.com\/pt\/wp-json\/wp\/v2\/categories?post=165521"},{"taxonomy":"post_tag","embeddable":true,"href":"https:\/\/www.europesays.com\/pt\/wp-json\/wp\/v2\/tags?post=165521"}],"curies":[{"name":"wp","href":"https:\/\/api.w.org\/{rel}","templated":true}]}}