{"id":165531,"date":"2025-11-26T07:52:16","date_gmt":"2025-11-26T07:52:16","guid":{"rendered":"https:\/\/www.europesays.com\/pt\/165531\/"},"modified":"2025-11-26T07:52:16","modified_gmt":"2025-11-26T07:52:16","slug":"celebridade-demais-estraga-qualquer-ambiente-mesmo-as-legais","status":"publish","type":"post","link":"https:\/\/www.europesays.com\/pt\/165531\/","title":{"rendered":"celebridade demais estraga qualquer ambiente, mesmo as legais"},"content":{"rendered":"\n<p class=\" content-text__container theme-color-primary-first-letter\" data-track-category=\"Link no Texto\" data-track-links=\"\"> A cena j\u00e1 virou rotina: t\u00f4 de boas, comendo uma picanha superfaturada com a galera, quando olho para fora e vejo turistas entrando. Seguindo posts e dicas do Orkut, foram ao Baixo G\u00e1vea em busca de selfies com artistas e celebridades ao fundo. N\u00e3o s\u00f3 n\u00e3o encontraram o elenco da novela das oito como pior, deram de cara comigo e meus amigos. Nem tentam disfar\u00e7ar a decep\u00e7\u00e3o. Encerram as lives, apagam as selfies e guardam os celulares no fundo da bolsa. Com olhar desapontado, d\u00e3o meia-volta. <\/p>\n<ul class=\"content-unordered-list\">\n<li><strong>A culpa n\u00e3o \u00e9 minha:<\/strong> <a class=\"\" href=\"https:\/\/oglobo.globo.com\/rio\/leo-aversa\/coluna\/2025\/11\/a-culpa-nao-e-minha-dou-importancia-demais-a-opiniao-dos-outros.ghtml\" rel=\"nofollow noopener\" target=\"_blank\">dou import\u00e2ncia demais \u00e0 opini\u00e3o dos outros<\/a><\/li>\n<li><strong>De Trememb\u00e9 para o Clube da Esquina:<\/strong> <a class=\"\" href=\"https:\/\/oglobo.globo.com\/rio\/leo-aversa\/coluna\/2025\/11\/de-tremembe-para-o-clube-da-esquina-ando-tentando-esquecer-a-barbarie-em-que-estamos-mergulhados.ghtml\" rel=\"nofollow noopener\" target=\"_blank\">ando tentando esquecer a barb\u00e1rie em que estamos mergulhados<\/a><\/li>\n<\/ul>\n<p class=\" content-text__container \" data-track-category=\"Link no Texto\" data-track-links=\"\"> Me d\u00e1 at\u00e9 vontade de pedir desculpas. <\/p>\n<p class=\" content-text__container \" data-track-category=\"Link no Texto\" data-track-links=\"\"> Como metade da Zona Sul, comecei a frequentar o Baixo na adolesc\u00eancia, era o ponto de encontro oficial: voc\u00ea ia porque todo mundo ia. Fui ficando porque virou reduto da cultura carioca, ao menos do seu corpo de baile: designers, fot\u00f3grafos, diretores, roteiristas, iluminadores, atrizes, escritores e toda a tropa que empurra o carro aleg\u00f3rico da arte local. No BG, todo mundo meio que se conhecia. Quem ficou famoso largou o chopinho e, beijinho no ombro, foi tomar champagne nos Fasanos da vida. O problema \u00e9 que eles se foram, mas a fama do Baixo j\u00e1 tinha se espalhado. <\/p>\n<p class=\" content-text__container \" data-track-category=\"Link no Texto\" data-track-links=\"\"> Nada contra, alguns s\u00e3o at\u00e9 simp\u00e1ticos e a economia da cidade agradece, mas eu fico ali, s\u00f3 vendo os pre\u00e7os aumentarem na mesma propor\u00e7\u00e3o das filas. Se antes a conversa era a montagem de uma pe\u00e7a cabe\u00e7a, de um filme experimental, o lan\u00e7amento de um livro de poesia e o eterno drama para receber o cach\u00ea, agora tem grupinhos felizes comentando o pre\u00e7o da arroba do boi gordo em Goi\u00e1s ou comemorando a cota\u00e7\u00e3o de alguma bitcoin na Faria Lima. Para eles, uma picanha de duzentos reais e uma fila de meia hora n\u00e3o fazem nem c\u00f3cegas, \u00e9 um dia na vida. <\/p>\n<p class=\" content-text__container \" data-track-category=\"Link no Texto\" data-track-links=\"\"> Quando vi que a onipresente Dua Lipa tinha ido parar naquelas mesas, pensei comigo mesmo: ferrou de vez. Agora \u00e9 que v\u00e3o dobrar os pre\u00e7os, e a fila vai come\u00e7ar l\u00e1 na Dalal. Complicado. Imagino que os frequentadores do Chanchada, do Vuvu e de todo roteiro da artista devem estar com a mesma preocupa\u00e7\u00e3o. <\/p>\n<p class=\" content-text__container \" data-track-category=\"Link no Texto\" data-track-links=\"\"> Os donos de bares e restaurantes v\u00e3o querer me bater, mas na boa: celebridade demais estraga qualquer ambiente. Mesmo as legais. \u00c0s vezes, principalmente as legais. <\/p>\n<p class=\" content-text__container \" data-track-category=\"Link no Texto\" data-track-links=\"\"> Se voc\u00ea frequenta um lugar bacana, aonde v\u00e3o seus amigos e conhecidos e que voc\u00ea ainda consegue ouvir o gar\u00e7om, jogue suas m\u00e3os para o c\u00e9u. Tanto faz se a cadeira \u00e9 de pl\u00e1stico ou do S\u00e9rgio Rodrigues, s\u00f3 agrade\u00e7a. O neg\u00f3cio \u00e9 ficar na encolha e n\u00e3o contar para ningu\u00e9m. A Rua do Senado foi eleita uma das mais \u201ccool\u201d do mundo. Sensacional, mas nem precisa dizer que uma multid\u00e3o vai invadir o lugar \u2014 que j\u00e1 estava lotado \u2014 a partir do t\u00edtulo. A Feira da Gl\u00f3ria espalhou a fama e, agora, est\u00e1 intransit\u00e1vel. J\u00e1 foram \u00e0 Pedra do Sal numa segunda? E no Jobi no fim de semana? T\u00e1 osso. <\/p>\n<p class=\" content-text__container \" data-track-category=\"Link no Texto\" data-track-links=\"\"> Pe\u00e7o encarecidamente ao prefeito que nos ajude. Celebridade, ainda mais internacional, a gente manda para o Copacabana Palace, para a churrascaria rod\u00edzio, para o camarote do Samb\u00f3dromo. O boteco, a roda de samba, o lugar da galera, deixa aqui com a gente. N\u00e3o entregue o ouro, Dudu. Quando a Adele, o Bono ou a Beyonc\u00e9 perguntarem qual \u00e9 a boa, solte um \u201cvou ver e te aviso\u201d, um \u201ca gente vai se falando\u201d ou o \u201cbora marcar\u201d. D\u00ea o mais carioca dos perdidos e saia assoviando um Z\u00e9 Keti. <\/p>\n","protected":false},"excerpt":{"rendered":"A cena j\u00e1 virou rotina: t\u00f4 de boas, comendo uma picanha superfaturada com a galera, quando olho para&hellip;\n","protected":false},"author":2,"featured_media":165532,"comment_status":"","ping_status":"","sticky":false,"template":"","format":"standard","meta":{"footnotes":""},"categories":[145],"tags":[211,210,114,115,32,33],"class_list":{"0":"post-165531","1":"post","2":"type-post","3":"status-publish","4":"format-standard","5":"has-post-thumbnail","7":"category-celebridades","8":"tag-celebridades","9":"tag-celebrities","10":"tag-entertainment","11":"tag-entretenimento","12":"tag-portugal","13":"tag-pt"},"share_on_mastodon":{"url":"https:\/\/pubeurope.com\/@pt\/115614917804225978","error":""},"_links":{"self":[{"href":"https:\/\/www.europesays.com\/pt\/wp-json\/wp\/v2\/posts\/165531","targetHints":{"allow":["GET"]}}],"collection":[{"href":"https:\/\/www.europesays.com\/pt\/wp-json\/wp\/v2\/posts"}],"about":[{"href":"https:\/\/www.europesays.com\/pt\/wp-json\/wp\/v2\/types\/post"}],"author":[{"embeddable":true,"href":"https:\/\/www.europesays.com\/pt\/wp-json\/wp\/v2\/users\/2"}],"replies":[{"embeddable":true,"href":"https:\/\/www.europesays.com\/pt\/wp-json\/wp\/v2\/comments?post=165531"}],"version-history":[{"count":0,"href":"https:\/\/www.europesays.com\/pt\/wp-json\/wp\/v2\/posts\/165531\/revisions"}],"wp:featuredmedia":[{"embeddable":true,"href":"https:\/\/www.europesays.com\/pt\/wp-json\/wp\/v2\/media\/165532"}],"wp:attachment":[{"href":"https:\/\/www.europesays.com\/pt\/wp-json\/wp\/v2\/media?parent=165531"}],"wp:term":[{"taxonomy":"category","embeddable":true,"href":"https:\/\/www.europesays.com\/pt\/wp-json\/wp\/v2\/categories?post=165531"},{"taxonomy":"post_tag","embeddable":true,"href":"https:\/\/www.europesays.com\/pt\/wp-json\/wp\/v2\/tags?post=165531"}],"curies":[{"name":"wp","href":"https:\/\/api.w.org\/{rel}","templated":true}]}}