{"id":165533,"date":"2025-11-26T07:55:09","date_gmt":"2025-11-26T07:55:09","guid":{"rendered":"https:\/\/www.europesays.com\/pt\/165533\/"},"modified":"2025-11-26T07:55:09","modified_gmt":"2025-11-26T07:55:09","slug":"a-protegida-francisco-faz-proposta-a-isabel-novelas","status":"publish","type":"post","link":"https:\/\/www.europesays.com\/pt\/165533\/","title":{"rendered":"A Protegida: Francisco faz proposta a Isabel &#8211; Novelas"},"content":{"rendered":"<p>Em \u00abA Protegida\u00bb, Francisco (Vitor D&#8217; Andrade) vai ter com Isabel (Sara Barradas), que estremece ao v\u00ea-lo, pois pensou que tinha ido embora de vez. Francisco revela que foi ele que comprou a caf\u00e9 Vilalobos e quer comprar tamb\u00e9m a parte de JD (Pedro Sousa), mas Isabel recusa-se a vender-lha. Francisco diz que v\u00e3o cruzar-se muitas vezes, pois v\u00e3o trabalhar juntos e morar no mesmo s\u00edtio.<\/p>\n","protected":false},"excerpt":{"rendered":"Em \u00abA Protegida\u00bb, Francisco (Vitor D&#8217; Andrade) vai ter com Isabel (Sara Barradas), que estremece ao v\u00ea-lo, pois&hellip;\n","protected":false},"author":2,"featured_media":165534,"comment_status":"","ping_status":"","sticky":false,"template":"","format":"standard","meta":{"footnotes":""},"categories":[142],"tags":[168,160,166,114,115,157,167,164,2931,161,158,165,159,32,33,156,163,151,162],"class_list":{"0":"post-165533","1":"post","2":"type-post","3":"status-publish","4":"format-standard","5":"has-post-thumbnail","7":"category-tv","8":"tag-a-protegida","9":"tag-ana-guiomar","10":"tag-cristina-ferreira","11":"tag-entertainment","12":"tag-entretenimento","13":"tag-festa-e-festa","14":"tag-ficcao","15":"tag-jose-fidalgo","16":"tag-novela","17":"tag-novelas","18":"tag-para-sempre","19":"tag-pedro-sousa","20":"tag-pedro-teixeira","21":"tag-portugal","22":"tag-pt","23":"tag-queridos-papas","24":"tag-tiago-teotonio-pereira","25":"tag-tv","26":"tag-tvi"},"share_on_mastodon":{"url":"https:\/\/pubeurope.com\/@pt\/115614929549542947","error":""},"_links":{"self":[{"href":"https:\/\/www.europesays.com\/pt\/wp-json\/wp\/v2\/posts\/165533","targetHints":{"allow":["GET"]}}],"collection":[{"href":"https:\/\/www.europesays.com\/pt\/wp-json\/wp\/v2\/posts"}],"about":[{"href":"https:\/\/www.europesays.com\/pt\/wp-json\/wp\/v2\/types\/post"}],"author":[{"embeddable":true,"href":"https:\/\/www.europesays.com\/pt\/wp-json\/wp\/v2\/users\/2"}],"replies":[{"embeddable":true,"href":"https:\/\/www.europesays.com\/pt\/wp-json\/wp\/v2\/comments?post=165533"}],"version-history":[{"count":0,"href":"https:\/\/www.europesays.com\/pt\/wp-json\/wp\/v2\/posts\/165533\/revisions"}],"wp:featuredmedia":[{"embeddable":true,"href":"https:\/\/www.europesays.com\/pt\/wp-json\/wp\/v2\/media\/165534"}],"wp:attachment":[{"href":"https:\/\/www.europesays.com\/pt\/wp-json\/wp\/v2\/media?parent=165533"}],"wp:term":[{"taxonomy":"category","embeddable":true,"href":"https:\/\/www.europesays.com\/pt\/wp-json\/wp\/v2\/categories?post=165533"},{"taxonomy":"post_tag","embeddable":true,"href":"https:\/\/www.europesays.com\/pt\/wp-json\/wp\/v2\/tags?post=165533"}],"curies":[{"name":"wp","href":"https:\/\/api.w.org\/{rel}","templated":true}]}}