{"id":165541,"date":"2025-11-26T08:18:07","date_gmt":"2025-11-26T08:18:07","guid":{"rendered":"https:\/\/www.europesays.com\/pt\/165541\/"},"modified":"2025-11-26T08:18:07","modified_gmt":"2025-11-26T08:18:07","slug":"juiz-carlos-alexandre-vai-liderar-combate-a-fraude-no-sns-jornal-de-noticias","status":"publish","type":"post","link":"https:\/\/www.europesays.com\/pt\/165541\/","title":{"rendered":"Juiz Carlos Alexandre vai liderar combate \u00e0 fraude no SNS &#8211; Jornal de Not\u00edcias"},"content":{"rendered":"<ol>\n<li><a href=\"https:\/\/news.google.com\/rss\/articles\/CBMiogFBVV95cUxOOFNBdFk0cC1IcDR1SGZVbXFsNXVGdG9TNnNxVFc1WUszbGlqWnBmOFpDT28zczk1MnFHTVE4dmRVVHZuZ0RGMVlkR05WbWtoVHNiQzA1VEI2dkJHQmp0NHRIT25PTTd2eG8wbG9EM0pEb2ZlaDk2cmhxRTB0elJVcDRkQThMdUxOX2N0UGEzcElOTTBDR2pRdEN1SjVnSUZla2c?oc=5\" target=\"_blank\" rel=\"nofollow noopener\">Juiz Carlos Alexandre vai liderar combate \u00e0 fraude no SNS<\/a>&nbsp;&nbsp;Jornal de Not\u00edcias<\/li>\n<li><a href=\"https:\/\/news.google.com\/rss\/articles\/CBMivAFBVV95cUxNeEU2SnFvWXJIZUl0czl0QXZER1dXWDkzUnZ5aWpORmY0Y3hNUFVyNEh4VUhfNF9XeEdmWDNzeXB5c2pmV1E0WWEzenRBTGxsRk1UNGE4MENBV2JITDJlWFRrSjJWOUhld2tGQjZSSktCT3VZU0R3Qm0xT0xoSFZEQ2hycFpDcVV5bXJEN0tCVWV0Rzg4THZIYzNRUDQtU3RnMU5EdnBHd1JwaEdpd053WGRJRm5VdlFnYWJ6aA?oc=5\" target=\"_blank\" rel=\"nofollow noopener\">Comiss\u00e3o \u00e0 fraude no SNS vai liderada pelo juiz desembargador Carlos Alexandre<\/a>&nbsp;&nbsp;RTP<\/li>\n<li><a href=\"https:\/\/news.google.com\/rss\/articles\/CBMitgFBVV95cUxQMVl0eEVpSXpUNWlxSm9mdVV4emFNd1Q3VF9VcnczUXBnYkRqbm1SamNyNTd4TXQ3bWtzU1JjblJrWGJMX0RSelJkNFU0UDgyVU03S01Pbk50Ni1HdWpibGtIeDZ0bk5MVWphSE1lYTZRVGJGTG1GU0E5SkVaMWkwUFQ4R19kOFdpNTI0Y0xFQmJ4SlBnSmN6VzRMbm0tclFvT3k2bnhjNTQ3MkREMFpyNTJFUEI1Zw?oc=5\" target=\"_blank\" rel=\"nofollow noopener\">Hoje \u00e9 not\u00edcia: Carlos Alexandre combate fraude; SNS? Recrutamento trava<\/a>&nbsp;&nbsp;Not\u00edcias ao Minuto<\/li>\n<li><a href=\"https:\/\/news.google.com\/rss\/articles\/CBMiuAFBVV95cUxQTVpEV2pmTHBPb3ZNN2NuZUtDMS1fOExORExGamFsbDZSdG5wMUpvelBrSVZqbG8xdTI4M1Bkd01FY0tFYmtRVVdPYXFvZE83UDdKeFBXUVA1REhVbUM1NFlzSUVkWlpLOXZ3VGN6cndRNW1URW1WdFZic0lPWkZJcjBTR0QyaDhQZmV2bmdjQzJ0TVJ6S3BVYnU3ZTBURU9jaEc3OVNSZXhEdkV2U3czbGI5MXRCWHcy0gG-AUFVX3lxTFBZSWE2dnNleEtUcXY3d2NuMEdSclZOTWQ0bGc0QjRxUjBlSEFVSi15TzFOZkNPRzY2SFpSc2oyZ0lYUzBQalRRTklYZmdOWDhUUkliYnFiZ3p5b3FrU0tHSC1iZ3NERE1QaHJWU0pGcmdJWkU4QWxFckVrUnZXRkI3WTlrU0dUZWkybkhHNjAtYmNEczhwLTFxbVBwYnBNYWo5aUpsUkU2emRCOWp4UWVLeTl3UmU3V3pIWGFkNWc?oc=5\" target=\"_blank\" rel=\"nofollow noopener\">Juiz Carlos Alexandre vai liderar Comiss\u00e3o de Combate \u00e0 Fraude no SNS<\/a>&nbsp;&nbsp;SIC Not\u00edcias<\/li>\n<li><a href=\"https:\/\/news.google.com\/rss\/articles\/CBMiiwJBVV95cUxPdjJVemJNMkluYUcwcjJCeDdCVUFsejNuTFMwSVB1VmRJN1ZYSkg2cFdkbHIzamxSTmp1ZnVBT0lBbUdrUkpuNldlMlNPMFU1OGxqc0RnUTNJVHk4RWpMM3pFa0V4cUtRclU5cEpIUDZmcTlzZ2FTVkxpd3JUYjFGdjQ4YXpPNld2X0k5NlNYMlMwcExyY1ZLYW9xX0d1YmdlR3U0QVk5QXdZU0RVZUhxYlNVbUtBV2xnRDY5U2xkd0NsVjJsY3RtSzFTN01YcS11YnJYWHU4akI3OWZENzZOekdRUWM3ZmZwajZDdkRfQXpwS1RzUUt4WE5xQzdiYy00ZjVQMU9MWVRON0nSAZACQVVfeXFMTzcyQk1zd21oUXE2dGpxOE55aXNPWnZiQ1ZpRGQxNGhyTWJvMWdMQXdsODlkOUdVaUdDaWJ6Z0pMLUU4R3pqX2lEVk5iNGNIQkE1M1ZFV21qZVB0blNKNHE5dEpka0ZBdnp4ajM5SHl2dEc1UjVVdzVXaXVqMTUzMXk5XzdqZloyd3Z0QjQ3OFdKQkxZR1NMd25BOVNqNTlHVllwV1FGbS1QU0hFMk52bGxFdjFGWkItRWFKcEVsVUlKcFJJZjZfdk03SzdCNG5RU0cxT2JHTW12QkNuZWNqTWotc0RpeFZHMHlLSld5VDh0eGJndWtVbjhBOFByakRVOEgxSDlYOGpPWjlhSjh3UVI?oc=5\" target=\"_blank\" rel=\"nofollow noopener\">Juiz Carlos Alexandre vai liderar comiss\u00e3o contra a fraude no SNS<\/a>&nbsp;&nbsp;CNN Portugal<\/li>\n<\/ol>\n","protected":false},"excerpt":{"rendered":"Juiz Carlos Alexandre vai liderar combate \u00e0 fraude no SNS&nbsp;&nbsp;Jornal de Not\u00edcias Comiss\u00e3o \u00e0 fraude no SNS vai&hellip;\n","protected":false},"author":2,"featured_media":165542,"comment_status":"","ping_status":"","sticky":false,"template":"","format":"standard","meta":{"footnotes":""},"categories":[10],"tags":[27,28,15,16,301,14,25,26,21,22,1703,619,12,16308,13,19,20,32,23,24,33,850,17,18,29,30,31],"class_list":{"0":"post-165541","1":"post","2":"type-post","3":"status-publish","4":"format-standard","5":"has-post-thumbnail","7":"category-portugal","8":"tag-breaking-news","9":"tag-breakingnews","10":"tag-featured-news","11":"tag-featurednews","12":"tag-governo","13":"tag-headlines","14":"tag-latest-news","15":"tag-latestnews","16":"tag-main-news","17":"tag-mainnews","18":"tag-ministerio-da-saude","19":"tag-nacional","20":"tag-news","21":"tag-nomeacao","22":"tag-noticias","23":"tag-noticias-principais","24":"tag-noticiasprincipais","25":"tag-portugal","26":"tag-principais-noticias","27":"tag-principaisnoticias","28":"tag-pt","29":"tag-servico-nacional-de-saude","30":"tag-top-stories","31":"tag-topstories","32":"tag-ultimas","33":"tag-ultimas-noticias","34":"tag-ultimasnoticias"},"share_on_mastodon":{"url":"https:\/\/pubeurope.com\/@pt\/115615019944815255","error":""},"_links":{"self":[{"href":"https:\/\/www.europesays.com\/pt\/wp-json\/wp\/v2\/posts\/165541","targetHints":{"allow":["GET"]}}],"collection":[{"href":"https:\/\/www.europesays.com\/pt\/wp-json\/wp\/v2\/posts"}],"about":[{"href":"https:\/\/www.europesays.com\/pt\/wp-json\/wp\/v2\/types\/post"}],"author":[{"embeddable":true,"href":"https:\/\/www.europesays.com\/pt\/wp-json\/wp\/v2\/users\/2"}],"replies":[{"embeddable":true,"href":"https:\/\/www.europesays.com\/pt\/wp-json\/wp\/v2\/comments?post=165541"}],"version-history":[{"count":0,"href":"https:\/\/www.europesays.com\/pt\/wp-json\/wp\/v2\/posts\/165541\/revisions"}],"wp:featuredmedia":[{"embeddable":true,"href":"https:\/\/www.europesays.com\/pt\/wp-json\/wp\/v2\/media\/165542"}],"wp:attachment":[{"href":"https:\/\/www.europesays.com\/pt\/wp-json\/wp\/v2\/media?parent=165541"}],"wp:term":[{"taxonomy":"category","embeddable":true,"href":"https:\/\/www.europesays.com\/pt\/wp-json\/wp\/v2\/categories?post=165541"},{"taxonomy":"post_tag","embeddable":true,"href":"https:\/\/www.europesays.com\/pt\/wp-json\/wp\/v2\/tags?post=165541"}],"curies":[{"name":"wp","href":"https:\/\/api.w.org\/{rel}","templated":true}]}}