{"id":165543,"date":"2025-11-26T08:20:15","date_gmt":"2025-11-26T08:20:15","guid":{"rendered":"https:\/\/www.europesays.com\/pt\/165543\/"},"modified":"2025-11-26T08:20:15","modified_gmt":"2025-11-26T08:20:15","slug":"gravida-da-primeira-filha-rafa-kalimann-faz-cha-de-bebe","status":"publish","type":"post","link":"https:\/\/www.europesays.com\/pt\/165543\/","title":{"rendered":"Gr\u00e1vida da primeira filha, Rafa Kalimann faz ch\u00e1 de beb\u00ea"},"content":{"rendered":"<p>A atriz <a href=\"https:\/\/caras.com.br\/tags\/rafa-kalimann\" rel=\"nofollow noopener\" target=\"_blank\"><strong>Rafa Kalimann<\/strong><\/a> j\u00e1 declarou estar empolgada pela chegada de <strong>Zuza,<\/strong> sua primeira filha com o cantor <a href=\"https:\/\/caras.com.br\/tags\/nattan\" rel=\"nofollow noopener\" target=\"_blank\"><strong>Nattan<\/strong><\/a>. Nesta ter\u00e7a-feira, 25, o casal decidiu realizar um ch\u00e1 de beb\u00ea para a futura herdeira e a ex-BBB publicou detalhes da decora\u00e7\u00e3o em suas redes sociais.<\/p>\n<p>\u201cHoje \u00e9 um dia especial, vamos fazer um ch\u00e1 de beb\u00ea. Vamos receber alguns amigos aqui em casa, familiares e umas pessoas mais pr\u00f3ximas\u201d, declarou o artista em suas redes sociais. O pai da beb\u00ea tamb\u00e9m deu alguns detalhes sobre o evento. \u201cVamos receber o pessoal com um vinho, vai ser bem legal. Vai ter m\u00fasica ao vivo. Vamos cozinhar, fazer uma comida. Ent\u00e3o vai ser bem especial\u201d, completou ele.<\/p>\n<p>Mais cedo, Rafa Kalimann publicou em seus stories um registro de um homem organizando a decora\u00e7\u00e3o do local, com um grande vaso de flores cor de rosa. \u201cEst\u00e1 come\u00e7ando! Hoje tem o ch\u00e1 de beb\u00ea da Zuza aqui em casa\u201d, disse ela.<\/p>\n<p>A festa contou com um tema floral, em tons de rosa, al\u00e9m de um bolo de tr\u00eas andares rosa com la\u00e7os, com detalhes em verde e dourado. Os outros docinhos do evento tamb\u00e9m n\u00e3o ficaram para tr\u00e1s no quesito beleza, j\u00e1 que estavam destacados com as iniciais da futura herdeira do casal.<\/p>\n<p>\t Confira os detalhes! <img loading=\"lazy\" decoding=\"async\" class=\"size-full wp-image-1036025 img-fluid lazy\" alt=\"Rafa Kalimann e Nattan - Foto: Reprodu\u00e7\u00e3o\/Instagram\" width=\"342\" height=\"418\" src=\"https:\/\/www.europesays.com\/pt\/wp-content\/uploads\/2025\/11\/rafa-kalmann-nattan-cha.jpg\"  \/>Rafa Kalimann e Nattan \u2013 Foto: Reprodu\u00e7\u00e3o\/Instagram <img loading=\"lazy\" decoding=\"async\" class=\"size-full wp-image-1036027 img-fluid lazy\" alt=\"Ch\u00e1 de beb\u00ea da Zuza  - Foto: Reprodu\u00e7\u00e3o\/Instagram\" width=\"717\" height=\"962\" src=\"https:\/\/www.europesays.com\/pt\/wp-content\/uploads\/2025\/11\/decoracao-cha.jpg\"  \/>Ch\u00e1 de beb\u00ea da Zuza \u2013 Foto: Reprodu\u00e7\u00e3o\/Instagram <img loading=\"lazy\" decoding=\"async\" class=\"size-full wp-image-1036028 img-fluid lazy\" alt=\"Ch\u00e1 de beb\u00ea da Zuza  - Foto: Reprodu\u00e7\u00e3o\/Instagram\" width=\"679\" height=\"1240\" src=\"https:\/\/www.europesays.com\/pt\/wp-content\/uploads\/2025\/11\/bolo-decoracao-cha.jpg\"  \/>Ch\u00e1 de beb\u00ea da Zuza \u2013 Foto: Reprodu\u00e7\u00e3o\/Instagram <img loading=\"lazy\" decoding=\"async\" class=\"size-full wp-image-1036029 img-fluid lazy\" alt=\"Ch\u00e1 de beb\u00ea da Zuza  - Foto: Reprodu\u00e7\u00e3o\/Instagram\" width=\"693\" height=\"952\" src=\"https:\/\/www.europesays.com\/pt\/wp-content\/uploads\/2025\/11\/cha-zuza-decoracao.jpg\"  \/>Ch\u00e1 de beb\u00ea da Zuza \u2013 Foto: Reprodu\u00e7\u00e3o\/Instagram Rafa Kalimann explica motivo de n\u00e3o querer contratar bab\u00e1 para a filha Zuza <\/p>\n<p>Com a chegada da primeira filha, Zuza, pr\u00f3xima, as escolhas de Rafa Kalimann para a maternidade t\u00eam sido o foco das aten\u00e7\u00f5es, especialmente as relacionadas \u00e0 cria\u00e7\u00e3o da beb\u00ea. Uma das declara\u00e7\u00f5es mais comentadas recentemente, e que garantiu alto ranqueamento nas buscas, foi sobre a decis\u00e3o inicial de n\u00e3o contratar uma bab\u00e1.<\/p>\n<p>Segundo a influenciadora, a decis\u00e3o no primeiro momento est\u00e1 ligada \u00e0 forte estrutura familiar que ela e Nattan possuem. \u201cEu ainda n\u00e3o pensei muito na ideia [de contratar uma bab\u00e1]. Tenho uma rede de apoio s\u00f3lida, um parceiro que \u00e9 um pai muito presente e minha m\u00e3e e minha sogra querem me ajudar. Ent\u00e3o, acho que j\u00e1 ser\u00e1 uma grande ajuda que vou coordenar\u201d, revelou a ex-BBB.<\/p>\n<p><strong>Leia tamb\u00e9m:\u00a0<\/strong><a href=\"https:\/\/caras.com.br\/atualidades\/gravida-rafa-kalimann-deixa-a-barriga-de-fora-em-passeio-no-shopping.phtml\" rel=\"nofollow noopener\" target=\"_blank\">Gr\u00e1vida, Rafa Kalimann deixa a barriga de fora em passeio no shopping<\/a><\/p>\n<p>        <a href=\"https:\/\/caras.com.br\/autor\/giovanna-f-campos\" rel=\"nofollow noopener\" target=\"_blank\">&#13;<br \/>\n          <img loading=\"lazy\" decoding=\"async\" alt=\"Giovanna F Campos\" src=\"https:\/\/www.europesays.com\/pt\/wp-content\/uploads\/2025\/09\/525986578_1657136028311574_5510063872310493577_n-150x150.jpg\" class=\"avatar avatar-115 photo rounded-circle\" height=\"115\" width=\"115\"\/>        <\/a><\/p>\n<p>Giovanna F Campos \u00e9 estudante de jornalismo pela Faculdade C\u00e1sper L\u00edbero, apaixonada por entretenimento e literatura.<\/p>\n","protected":false},"excerpt":{"rendered":"A atriz Rafa Kalimann j\u00e1 declarou estar empolgada pela chegada de Zuza, sua primeira filha com o cantor&hellip;\n","protected":false},"author":2,"featured_media":165544,"comment_status":"","ping_status":"","sticky":false,"template":"","format":"standard","meta":{"footnotes":""},"categories":[145],"tags":[211,210,19194,114,115,6831,3881,32,33,2612,34998],"class_list":{"0":"post-165543","1":"post","2":"type-post","3":"status-publish","4":"format-standard","5":"has-post-thumbnail","7":"category-celebridades","8":"tag-celebridades","9":"tag-celebrities","10":"tag-cha-de-bebe","11":"tag-entertainment","12":"tag-entretenimento","13":"tag-festa","14":"tag-nattan","15":"tag-portugal","16":"tag-pt","17":"tag-rafa-kalimann","18":"tag-zuza"},"share_on_mastodon":{"url":"https:\/\/pubeurope.com\/@pt\/115615028131781874","error":""},"_links":{"self":[{"href":"https:\/\/www.europesays.com\/pt\/wp-json\/wp\/v2\/posts\/165543","targetHints":{"allow":["GET"]}}],"collection":[{"href":"https:\/\/www.europesays.com\/pt\/wp-json\/wp\/v2\/posts"}],"about":[{"href":"https:\/\/www.europesays.com\/pt\/wp-json\/wp\/v2\/types\/post"}],"author":[{"embeddable":true,"href":"https:\/\/www.europesays.com\/pt\/wp-json\/wp\/v2\/users\/2"}],"replies":[{"embeddable":true,"href":"https:\/\/www.europesays.com\/pt\/wp-json\/wp\/v2\/comments?post=165543"}],"version-history":[{"count":0,"href":"https:\/\/www.europesays.com\/pt\/wp-json\/wp\/v2\/posts\/165543\/revisions"}],"wp:featuredmedia":[{"embeddable":true,"href":"https:\/\/www.europesays.com\/pt\/wp-json\/wp\/v2\/media\/165544"}],"wp:attachment":[{"href":"https:\/\/www.europesays.com\/pt\/wp-json\/wp\/v2\/media?parent=165543"}],"wp:term":[{"taxonomy":"category","embeddable":true,"href":"https:\/\/www.europesays.com\/pt\/wp-json\/wp\/v2\/categories?post=165543"},{"taxonomy":"post_tag","embeddable":true,"href":"https:\/\/www.europesays.com\/pt\/wp-json\/wp\/v2\/tags?post=165543"}],"curies":[{"name":"wp","href":"https:\/\/api.w.org\/{rel}","templated":true}]}}