{"id":165565,"date":"2025-11-26T08:55:07","date_gmt":"2025-11-26T08:55:07","guid":{"rendered":"https:\/\/www.europesays.com\/pt\/165565\/"},"modified":"2025-11-26T08:55:07","modified_gmt":"2025-11-26T08:55:07","slug":"eis-o-ranking-uefa-depois-da-primeira-vitoria-do-benfica-na-champions-league","status":"publish","type":"post","link":"https:\/\/www.europesays.com\/pt\/165565\/","title":{"rendered":"Eis o Ranking UEFA depois da primeira vit\u00f3ria do Benfica na Champions League"},"content":{"rendered":"<p>&#8211; Advertisement &#8211;<\/p>\n<p><strong>O Benfica bateu o Ajax por duas bolas a zero, e deu pontos a Portugal no Ranking UEFA, que j\u00e1 foi atualizado.<\/strong><\/p>\n<p>O Ranking UEFA est\u00e1 oficialmente atualizado, depois dos resultados desta ter\u00e7a-feira. Portugal conseguiu 400 pontos devido \u00e0 <a href=\"https:\/\/bolanarede.pt\/especial-bola-na-rede\/atualidade\/benfica-comecou-e-terminou-o-jogo-a-marcar-derrota-o-ajax-e-ja-sabe-o-que-e-vencer-na-champions-league\/\" target=\"_blank\" rel=\"noreferrer noopener nofollow\">vit\u00f3ria do Benfica frente ao Ajax<\/a>, para a quinta jornada da Champions League.<\/p>\n<p>Ainda assim, os Pa\u00edses Baixos continuam um posto \u00e0 frente, na sexta posi\u00e7\u00e3o, com os lusos a ocuparem o s\u00e9timo posto. Inglaterra mant\u00e9m-se firme na lideran\u00e7a, com It\u00e1lia e Espanha a seguirem no p\u00f3dio.<\/p>\n<p>Eis a tabela:<\/p>\n<blockquote class=\"twitter-tweet\" data-width=\"550\" data-dnt=\"true\">\n<p lang=\"en\" dir=\"ltr\">\ud83d\udea8 Country Ranking Update<\/p>\n<p>\ud83c\udde9\ud83c\uddea Germany added +0.571 pts<br \/>\ud83c\uddee\ud83c\uddf9 Italy added +0.571 pts<\/p>\n<p>\ud83c\uddf5\ud83c\uddf9 Portugal added +0.400 pts<br \/>\ud83c\udde7\ud83c\uddea Belgium added +0.400 pts<\/p>\n<p>\ud83c\uddeb\ud83c\uddf7 France added +0.286 pts<\/p>\n<p>\ud83c\udff4\udb40\udc67\udb40\udc62\udb40\udc65\udb40\udc6e\udb40\udc67\udb40\udc7f England added +0.222 pts<\/p>\n<p>\ud83c\udde8\ud83c\uddff Czechia added +0.200 pts<\/p>\n<p>\ud83c\uddea\ud83c\uddf8 Spain added +0.125 pts<\/p>\n<p>\u274c There were NO movements! <a href=\"https:\/\/t.co\/cidKHryfda\" rel=\"nofollow\">pic.twitter.com\/cidKHryfda<\/a><\/p>\n<p>\u2014 Football Rankings (@FootRankings) <a href=\"https:\/\/twitter.com\/FootRankings\/status\/1993442097370951838?ref_src=twsrc%5Etfw\" rel=\"nofollow noopener\" target=\"_blank\">November 25, 2025<\/a><\/p><\/blockquote>\n<p><script async src=\"https:\/\/platform.twitter.com\/widgets.js\" charset=\"utf-8\"><\/script><\/p>\n","protected":false},"excerpt":{"rendered":"&#8211; Advertisement &#8211; O Benfica bateu o Ajax por duas bolas a zero, e deu pontos a Portugal&hellip;\n","protected":false},"author":2,"featured_media":152119,"comment_status":"","ping_status":"","sticky":false,"template":"","format":"standard","meta":{"footnotes":""},"categories":[87],"tags":[260,51,1230,135,478,32,33,9453,134],"class_list":{"0":"post-165565","1":"post","2":"type-post","3":"status-publish","4":"format-standard","5":"has-post-thumbnail","7":"category-desporto","8":"tag-atualidade","9":"tag-benfica","10":"tag-champions-league","11":"tag-desporto","12":"tag-destaques-bnr","13":"tag-portugal","14":"tag-pt","15":"tag-ranking-uefa","16":"tag-sports"},"share_on_mastodon":{"url":"https:\/\/pubeurope.com\/@pt\/115615165499109924","error":""},"_links":{"self":[{"href":"https:\/\/www.europesays.com\/pt\/wp-json\/wp\/v2\/posts\/165565","targetHints":{"allow":["GET"]}}],"collection":[{"href":"https:\/\/www.europesays.com\/pt\/wp-json\/wp\/v2\/posts"}],"about":[{"href":"https:\/\/www.europesays.com\/pt\/wp-json\/wp\/v2\/types\/post"}],"author":[{"embeddable":true,"href":"https:\/\/www.europesays.com\/pt\/wp-json\/wp\/v2\/users\/2"}],"replies":[{"embeddable":true,"href":"https:\/\/www.europesays.com\/pt\/wp-json\/wp\/v2\/comments?post=165565"}],"version-history":[{"count":0,"href":"https:\/\/www.europesays.com\/pt\/wp-json\/wp\/v2\/posts\/165565\/revisions"}],"wp:featuredmedia":[{"embeddable":true,"href":"https:\/\/www.europesays.com\/pt\/wp-json\/wp\/v2\/media\/152119"}],"wp:attachment":[{"href":"https:\/\/www.europesays.com\/pt\/wp-json\/wp\/v2\/media?parent=165565"}],"wp:term":[{"taxonomy":"category","embeddable":true,"href":"https:\/\/www.europesays.com\/pt\/wp-json\/wp\/v2\/categories?post=165565"},{"taxonomy":"post_tag","embeddable":true,"href":"https:\/\/www.europesays.com\/pt\/wp-json\/wp\/v2\/tags?post=165565"}],"curies":[{"name":"wp","href":"https:\/\/api.w.org\/{rel}","templated":true}]}}