{"id":165569,"date":"2025-11-26T09:07:10","date_gmt":"2025-11-26T09:07:10","guid":{"rendered":"https:\/\/www.europesays.com\/pt\/165569\/"},"modified":"2025-11-26T09:07:10","modified_gmt":"2025-11-26T09:07:10","slug":"para-mim-esta-aventura-acabou","status":"publish","type":"post","link":"https:\/\/www.europesays.com\/pt\/165569\/","title":{"rendered":"\u201cPara mim esta aventura acabou\u201d"},"content":{"rendered":"<p>Pai de In\u00eas explode contra o <a href=\"https:\/\/tvi.iol.pt\/secretstory\" rel=\"nofollow noopener\" target=\"_blank\">Secret Story 9<\/a> e toma decis\u00e3o dr\u00e1stica: \u201cPara mim esta aventura acabou\u201d, disse.<\/p>\n<p>Pai de In\u00eas rompe sil\u00eancio e deixa aviso aos f\u00e3s ap\u00f3s caos com Dylan e Bruno<\/p>\n<p>A tens\u00e3o dentro da casa do Secret Story 9 continua a fazer estragos fora do programa. Com Dylan e Bruno prestes a abandonar o reality show \u2014 seja por desist\u00eancia ou expuls\u00e3o direta \u2014 o pai de In\u00eas decidiu intervir publicamente e surpreendeu todos os apoiantes da filha.<\/p>\n<p>O comunicado, inicialmente enviado ao grupo de f\u00e3s no WhatsApp e depois divulgado na rede social X, deixou claro o seu descontentamento com o rumo do programa.<\/p>\n<p>\u201cN\u00e3o enviem mais donativos\u201d: o pedido firme de Nuno<\/p>\n<p>Logo no in\u00edcio da mensagem, Nuno agradeceu a todos os que t\u00eam acompanhado o percurso da filha no jogo:<br \/><strong>\u201cBom dia a todos. Quero come\u00e7ar este comunicado a agradecer a todas as pessoas que acompanham e contribu\u00edram para a In\u00eas estar nesta \u2018aventura\u2019.\u201d<\/strong><\/p>\n<p>Contudo, rapidamente definiu uma nova orienta\u00e7\u00e3o para os apoios dados \u00e0 concorrente:<br \/><strong>\u201cDito isto, solicito que n\u00e3o enviem mais nenhuns donativos para salvar a In\u00eas. N\u00e3o pro\u00edbo ningu\u00e9m de votar na In\u00eas, porque n\u00e3o mando no que as pessoas queiram fazer.\u201d<\/strong><\/p>\n<p>Pai critica produ\u00e7\u00e3o e diz n\u00e3o se rever no programa<\/p>\n<p>Nuno revelou que a sua decis\u00e3o n\u00e3o surgiu por impulso, mas sim por aquilo que tem observado:<br \/><strong>\u201cPara mim esta aventura acabou, n\u00e3o me revejo na atitude amb\u00edgua que existe neste programa, assisti a coisas que acho grave, mesmo muito grave, da parte de alguns concorrentes e as atitudes tomadas pela produ\u00e7\u00e3o foram sempre amb\u00edguas.\u201d<\/strong><\/p>\n<p>As cr\u00edticas surgem num momento em que a casa vive um clima de grande instabilidade, marcado por agressividade, confrontos e sucessivas viola\u00e7\u00f5es das regras por parte de Dylan e Bruno.<\/p>\n<p>\u201cN\u00e3o andei a educar uma filha assim\u201d: o desabafo mais forte<\/p>\n<p>Na parte final do comunicado, o pai de In\u00eas mostrou claramente a sua preocupa\u00e7\u00e3o em proteger a imagem e os valores da filha:<br \/><strong>\u201cPara o bem da In\u00eas \u00e9 esta a minha decis\u00e3o, n\u00e3o andei a educar uma filha com princ\u00edpios, valores e car\u00e1cter para ser tudo posto em causa por um programa de televis\u00e3o.\u201d<\/strong><\/p>\n<p>E concluiu com um tom pac\u00edfico, deixando um agradecimento sentido aos apoiantes:<br \/><strong>\u201cUm bom haja para todos, sejam felizes e lutem pelos vossos sonhos.\u201d<\/strong><\/p>\n<p><a href=\"https:\/\/news.google.com\/publications\/CAAqBwgKMKfIoAswtNK4Aw\" target=\"_blank\" rel=\"noopener noreferrer nofollow\"><img loading=\"lazy\" data-lazyloaded=\"1\" width=\"481\" height=\"161\" decoding=\"async\" src=\"\/wp-content\/uploads\/2024\/02\/GN_siganos.png\" alt=\"Siga-nos no Google News\" style=\"margin-top:20px;\"\/><\/a><\/p>\n","protected":false},"excerpt":{"rendered":"Pai de In\u00eas explode contra o Secret Story 9 e toma decis\u00e3o dr\u00e1stica: \u201cPara mim esta aventura acabou\u201d,&hellip;\n","protected":false},"author":2,"featured_media":110143,"comment_status":"","ping_status":"","sticky":false,"template":"","format":"standard","meta":{"footnotes":""},"categories":[142],"tags":[2632,114,115,25393,32,33,151],"class_list":{"0":"post-165569","1":"post","2":"type-post","3":"status-publish","4":"format-standard","5":"has-post-thumbnail","7":"category-tv","8":"tag-casa-dos-segredos","9":"tag-entertainment","10":"tag-entretenimento","11":"tag-ines-gama","12":"tag-portugal","13":"tag-pt","14":"tag-tv"},"share_on_mastodon":{"url":"https:\/\/pubeurope.com\/@pt\/115615212875988764","error":""},"_links":{"self":[{"href":"https:\/\/www.europesays.com\/pt\/wp-json\/wp\/v2\/posts\/165569","targetHints":{"allow":["GET"]}}],"collection":[{"href":"https:\/\/www.europesays.com\/pt\/wp-json\/wp\/v2\/posts"}],"about":[{"href":"https:\/\/www.europesays.com\/pt\/wp-json\/wp\/v2\/types\/post"}],"author":[{"embeddable":true,"href":"https:\/\/www.europesays.com\/pt\/wp-json\/wp\/v2\/users\/2"}],"replies":[{"embeddable":true,"href":"https:\/\/www.europesays.com\/pt\/wp-json\/wp\/v2\/comments?post=165569"}],"version-history":[{"count":0,"href":"https:\/\/www.europesays.com\/pt\/wp-json\/wp\/v2\/posts\/165569\/revisions"}],"wp:featuredmedia":[{"embeddable":true,"href":"https:\/\/www.europesays.com\/pt\/wp-json\/wp\/v2\/media\/110143"}],"wp:attachment":[{"href":"https:\/\/www.europesays.com\/pt\/wp-json\/wp\/v2\/media?parent=165569"}],"wp:term":[{"taxonomy":"category","embeddable":true,"href":"https:\/\/www.europesays.com\/pt\/wp-json\/wp\/v2\/categories?post=165569"},{"taxonomy":"post_tag","embeddable":true,"href":"https:\/\/www.europesays.com\/pt\/wp-json\/wp\/v2\/tags?post=165569"}],"curies":[{"name":"wp","href":"https:\/\/api.w.org\/{rel}","templated":true}]}}