{"id":165583,"date":"2025-11-26T09:23:09","date_gmt":"2025-11-26T09:23:09","guid":{"rendered":"https:\/\/www.europesays.com\/pt\/165583\/"},"modified":"2025-11-26T09:23:09","modified_gmt":"2025-11-26T09:23:09","slug":"vai-tomar-comprimidos-para-a-cabeca-e-cada-vez-me-das-menos-vontade-pedro-explode-com-marisa-secret-story","status":"publish","type":"post","link":"https:\/\/www.europesays.com\/pt\/165583\/","title":{"rendered":"\u00abVai tomar comprimidos para a cabe\u00e7a\u00bb e \u00abCada vez me d\u00e1s menos vontade\u00bb: Pedro &#8216;explode&#8217; com Marisa &#8211; Secret Story"},"content":{"rendered":"<p>No Secret Story, Pedro Jorge vai ter com Marisa ao quarto e, de repente, Marisa tem um ataque de ci\u00fames pelo facto de Pedro estar agarrado a uma bola anti-stress, uma esp\u00e9cie de brinquedo de borracha, que lhe foi entregue por Marisa Susana. Marisa chega mesmo a dizer que este est\u00e1 agarrado \u00e0 bola para a provocar e Pedro fica enervado. A conversa vai escalando e Pedro diz coisas: &#8220;Tu \u00e9s irritante a falar&#8221; e &#8220;vai tomar comprimidos para a cabe\u00e7a&#8221;. Marisa diz que Pedro se torna &#8220;insuport\u00e1vel&#8221;, ap\u00f3s Pedro ter voltado ao quarto. Pedro diz que a mulher puxou um assunto para se chatear de prop\u00f3sito.\u00a0 A tens\u00e3o aumenta entre o casal e Pedro acaba por sair mesmo do quarto, deixando Marisa a falar sozinha.\u00a0<\/p>\n<p><a href=\"https:\/\/tvi.iol.pt\/secretstory\/bruno\/desistencia\/bruno-desiste-do-secret-story-9-apos-sancao-da-voz-e-deixa-colegas-em-choque\" rel=\"nofollow noopener\" target=\"_blank\">Bruno desiste do Secret Story 9 ap\u00f3s san\u00e7\u00e3o da Voz e deixa colegas em choque &#8211; Secret Story &#8211; TVI<\/a><\/p>\n<p><strong>Esta semana, h\u00e1 quatro concorrentes em risco de expuls\u00e3o j\u00e1 no pr\u00f3ximo domingo.<\/strong><\/p>\n<p>Vota\u00e7\u00e3o para salvar:<br \/>BRUNO \u2013 761 20 20 04<br \/>DYLAN \u2013 761 20 20 07<br \/>F\u00c1BIO \u2013 761 20 20 08<br \/>IN\u00caS \u2013 761 20 20 10<\/p>\n<p><a href=\"https:\/\/tvi.iol.pt\/secretstory\/aominuto\" rel=\"nofollow noopener\" target=\"_blank\">Acompanhe aqui tudo o que se passa no Secret Story 9!<\/a><\/p>\n","protected":false},"excerpt":{"rendered":"No Secret Story, Pedro Jorge vai ter com Marisa ao quarto e, de repente, Marisa tem um ataque&hellip;\n","protected":false},"author":2,"featured_media":165584,"comment_status":"","ping_status":"","sticky":false,"template":"","format":"standard","meta":{"footnotes":""},"categories":[142],"tags":[114,115,19033,19034,32,33,151,19032],"class_list":{"0":"post-165583","1":"post","2":"type-post","3":"status-publish","4":"format-standard","5":"has-post-thumbnail","7":"category-tv","8":"tag-entertainment","9":"tag-entretenimento","10":"tag-galas-em-video","11":"tag-melhores-momentos-casa-dos-segredos","12":"tag-portugal","13":"tag-pt","14":"tag-tv","15":"tag-videos-secret-story-tvi"},"share_on_mastodon":{"url":"https:\/\/pubeurope.com\/@pt\/115615275642209070","error":""},"_links":{"self":[{"href":"https:\/\/www.europesays.com\/pt\/wp-json\/wp\/v2\/posts\/165583","targetHints":{"allow":["GET"]}}],"collection":[{"href":"https:\/\/www.europesays.com\/pt\/wp-json\/wp\/v2\/posts"}],"about":[{"href":"https:\/\/www.europesays.com\/pt\/wp-json\/wp\/v2\/types\/post"}],"author":[{"embeddable":true,"href":"https:\/\/www.europesays.com\/pt\/wp-json\/wp\/v2\/users\/2"}],"replies":[{"embeddable":true,"href":"https:\/\/www.europesays.com\/pt\/wp-json\/wp\/v2\/comments?post=165583"}],"version-history":[{"count":0,"href":"https:\/\/www.europesays.com\/pt\/wp-json\/wp\/v2\/posts\/165583\/revisions"}],"wp:featuredmedia":[{"embeddable":true,"href":"https:\/\/www.europesays.com\/pt\/wp-json\/wp\/v2\/media\/165584"}],"wp:attachment":[{"href":"https:\/\/www.europesays.com\/pt\/wp-json\/wp\/v2\/media?parent=165583"}],"wp:term":[{"taxonomy":"category","embeddable":true,"href":"https:\/\/www.europesays.com\/pt\/wp-json\/wp\/v2\/categories?post=165583"},{"taxonomy":"post_tag","embeddable":true,"href":"https:\/\/www.europesays.com\/pt\/wp-json\/wp\/v2\/tags?post=165583"}],"curies":[{"name":"wp","href":"https:\/\/api.w.org\/{rel}","templated":true}]}}