{"id":165599,"date":"2025-11-26T09:37:19","date_gmt":"2025-11-26T09:37:19","guid":{"rendered":"https:\/\/www.europesays.com\/pt\/165599\/"},"modified":"2025-11-26T09:37:19","modified_gmt":"2025-11-26T09:37:19","slug":"leandro-faz-revelacao-sobre-mulher-especial-e-da-licao-de-vida","status":"publish","type":"post","link":"https:\/\/www.europesays.com\/pt\/165599\/","title":{"rendered":"Leandro faz revela\u00e7\u00e3o sobre mulher especial&#8230; e d\u00e1 &#8220;li\u00e7\u00e3o de vida&#8221;!"},"content":{"rendered":"<p>Durante a tarde desta ter\u00e7a-feira, dia 25, na casa de &#8220;Secret Story&#8221;, <a href=\"https:\/\/selfie.iol.pt\/famosos\/casa-dos-segredos-9\/surpreendente-mae-de-leandro-faz-revelacao-sobre-o-concorrente-de-secret-story\/20251114\/6917655fd34e3caad84b4d86\" target=\"_blank\" rel=\"nofollow noopener\">Leandro<\/a> tem partilhado um ou outro pormenor sobre a respetiva vida pessoal, em conversa com Marisa e <a href=\"https:\/\/selfie.iol.pt\/famosos\/casa-dos-segredos\/tensao-maxima-em-secret-story-dylan-e-pedro-jorge-em-aceso-confronto\/20251125\/6925c466d34e3caad84bace9\" target=\"_blank\" rel=\"nofollow noopener\">Pedro Jorge<\/a>.<\/p>\n<p>E uma dessas partilhas acabou por chamar a aten\u00e7\u00e3o de <a href=\"https:\/\/selfie.iol.pt\/famosos\/casa-dos-segredos\/cristina-ferreira-esclarece-ha-uma-coisa-que-cada-um-deve-fazer\/20251124\/6924a999d34e3caad84ba40a\" target=\"_blank\" rel=\"nofollow noopener\">Cristina Ferreira<\/a>, conforme a pr\u00f3pria destacou no Instagram.<\/p>\n<p>&#8220;O Leandro est\u00e1, neste momento, a dar-nos uma li\u00e7\u00e3o de vida. Chega a ter tr\u00eas trabalhos e o que poupa \u00e9 para passear e ajudar a m\u00e3e&#8221;, come\u00e7ou por referir a apresentadora, de 48 anos, que ainda assinalou: &#8220;Enterneceu-me a forma como falou da for\u00e7a do trabalho e dos valores que a av\u00f3 lhe passou.&#8221;<\/p>\n<p>Veja, agora, algumas das melhores imagens de Leandro nas galerias de fotografias que prepar\u00e1mos para si.<\/p>\n<p><img decoding=\"async\" alt=\"\" onclick=\"\" src=\"https:\/\/www.europesays.com\/pt\/wp-content\/uploads\/2025\/11\/1764149839_925_1024.jpeg\" title=\"Leandro\"\/><\/p>\n","protected":false},"excerpt":{"rendered":"Durante a tarde desta ter\u00e7a-feira, dia 25, na casa de &#8220;Secret Story&#8221;, Leandro tem partilhado um ou outro&hellip;\n","protected":false},"author":2,"featured_media":165600,"comment_status":"","ping_status":"","sticky":false,"template":"","format":"standard","meta":{"footnotes":""},"categories":[142],"tags":[2632,166,114,115,980,1015,12397,619,32,33,1014,1315,1012,151,162],"class_list":{"0":"post-165599","1":"post","2":"type-post","3":"status-publish","4":"format-standard","5":"has-post-thumbnail","7":"category-tv","8":"tag-casa-dos-segredos","9":"tag-cristina-ferreira","10":"tag-entertainment","11":"tag-entretenimento","12":"tag-famosos","13":"tag-instagram","14":"tag-leandro","15":"tag-nacional","16":"tag-portugal","17":"tag-pt","18":"tag-reality-show","19":"tag-secret-story","20":"tag-selfie","21":"tag-tv","22":"tag-tvi"},"share_on_mastodon":{"url":"https:\/\/pubeurope.com\/@pt\/115615330955589506","error":""},"_links":{"self":[{"href":"https:\/\/www.europesays.com\/pt\/wp-json\/wp\/v2\/posts\/165599","targetHints":{"allow":["GET"]}}],"collection":[{"href":"https:\/\/www.europesays.com\/pt\/wp-json\/wp\/v2\/posts"}],"about":[{"href":"https:\/\/www.europesays.com\/pt\/wp-json\/wp\/v2\/types\/post"}],"author":[{"embeddable":true,"href":"https:\/\/www.europesays.com\/pt\/wp-json\/wp\/v2\/users\/2"}],"replies":[{"embeddable":true,"href":"https:\/\/www.europesays.com\/pt\/wp-json\/wp\/v2\/comments?post=165599"}],"version-history":[{"count":0,"href":"https:\/\/www.europesays.com\/pt\/wp-json\/wp\/v2\/posts\/165599\/revisions"}],"wp:featuredmedia":[{"embeddable":true,"href":"https:\/\/www.europesays.com\/pt\/wp-json\/wp\/v2\/media\/165600"}],"wp:attachment":[{"href":"https:\/\/www.europesays.com\/pt\/wp-json\/wp\/v2\/media?parent=165599"}],"wp:term":[{"taxonomy":"category","embeddable":true,"href":"https:\/\/www.europesays.com\/pt\/wp-json\/wp\/v2\/categories?post=165599"},{"taxonomy":"post_tag","embeddable":true,"href":"https:\/\/www.europesays.com\/pt\/wp-json\/wp\/v2\/tags?post=165599"}],"curies":[{"name":"wp","href":"https:\/\/api.w.org\/{rel}","templated":true}]}}