{"id":165610,"date":"2025-11-26T09:54:08","date_gmt":"2025-11-26T09:54:08","guid":{"rendered":"https:\/\/www.europesays.com\/pt\/165610\/"},"modified":"2025-11-26T09:54:08","modified_gmt":"2025-11-26T09:54:08","slug":"renoir-quadro-e-vendido-por-r-112-milhoes-em-paris-25-11-2025-ilustrada","status":"publish","type":"post","link":"https:\/\/www.europesays.com\/pt\/165610\/","title":{"rendered":"Renoir: Quadro \u00e9 vendido por R$ 11,2 milh\u00f5es em Paris &#8211; 25\/11\/2025 &#8211; Ilustrada"},"content":{"rendered":"<p>Um quadro do pintor franc\u00eas <a href=\"https:\/\/www1.folha.uol.com.br\/folha\/livrariadafolha\/ult10082u660943.shtml\" rel=\"nofollow noopener\" target=\"\">Pierre-Auguste Renoir<\/a>, no qual aparecem seu filho <a href=\"https:\/\/www1.folha.uol.com.br\/fsp\/1997\/1\/24\/ilustrada\/37.html\" rel=\"nofollow noopener\" target=\"\">Jean Renoir<\/a> e a bab\u00e1 da fam\u00edlia, foi vendido nesta ter\u00e7a-feira (25) por \u20ac 1,8 milh\u00e3o \u2014cerca de R$ 11,2 milh\u00f5es\u2014 em um leil\u00e3o em <a href=\"https:\/\/www1.folha.uol.com.br\/folha-topicos\/paris\/\" rel=\"nofollow noopener\" target=\"\">Paris<\/a>, informou a casa de leil\u00f5es <a href=\"https:\/\/www1.folha.uol.com.br\/folha\/reuters\/ult112u30622.shtml\" rel=\"nofollow noopener\" target=\"\">Drouot <\/a>\u00e0 AFP.<\/p>\n<p>A pintura intitulada &#8220;A Crian\u00e7a e seus Brinquedos: Gabrielle e o filho do artista, Jean&#8221; estava estimada em entre \u20ac 1 milh\u00e3o e \u20ac 1,5 milh\u00e3o e nunca havia sido exposta ou vendida. Ela foi adquirida por um comprador internacional, informou a casa de leil\u00f5es, que n\u00e3o o identificou.<\/p>\n<p>A tela, pintada a \u00f3leo e com formato de 54 x 65 cm, representa Jean Renoir, segundo filho do pintor e futuro cineasta, sentado no colo de sua bab\u00e1, Gabrielle Renard, brincando com alguns brinquedos.<\/p>\n<p>Pintado entre 1890 e 1895, o quadro pertenceu a Jeanne Baudot, \u00fanica aluna e amiga pr\u00f3xima do artista. Ela o manteve at\u00e9 sua morte, em 1957, em sua casa em Louveciennes, nos arredores de Paris, onde Renoir instalou seu ateli\u00ea.<\/p>\n<p>A obra foi legada ao seu &#8220;filho espiritual&#8221;, Jean Griot, membro da Resist\u00eancia durante a Segunda Guerra Mundial e mais tarde diretor do jornal Le Figaro na d\u00e9cada de 1970. Ap\u00f3s sua morte, em 2011, a obra foi preservada por seus herdeiros.<\/p>\n<p>&#8220;\u00c9 um quadro que nunca saiu da fam\u00edlia, que nunca havia sido visto e que nem sequer figurava nos arquivos Wildenstein&#8221;, uma refer\u00eancia importante no mundo da arte, destacou o leiloeiro.<\/p>\n","protected":false},"excerpt":{"rendered":"Um quadro do pintor franc\u00eas Pierre-Auguste Renoir, no qual aparecem seu filho Jean Renoir e a bab\u00e1 da&hellip;\n","protected":false},"author":2,"featured_media":165611,"comment_status":"","ping_status":"","sticky":false,"template":"","format":"standard","meta":{"footnotes":""},"categories":[144],"tags":[207,205,206,559,203,201,202,204,114,115,236,35005,3646,6899,32,33],"class_list":{"0":"post-165610","1":"post","2":"type-post","3":"status-publish","4":"format-standard","5":"has-post-thumbnail","7":"category-arte-e-design","8":"tag-arte","9":"tag-arte-e-design","10":"tag-artedesign","11":"tag-artes-plasticas","12":"tag-arts","13":"tag-arts-and-design","14":"tag-artsanddesign","15":"tag-design","16":"tag-entertainment","17":"tag-entretenimento","18":"tag-folha","19":"tag-jean-renoir","20":"tag-leilao","21":"tag-pintura","22":"tag-portugal","23":"tag-pt"},"share_on_mastodon":{"url":"https:\/\/pubeurope.com\/@pt\/115615397524689568","error":""},"_links":{"self":[{"href":"https:\/\/www.europesays.com\/pt\/wp-json\/wp\/v2\/posts\/165610","targetHints":{"allow":["GET"]}}],"collection":[{"href":"https:\/\/www.europesays.com\/pt\/wp-json\/wp\/v2\/posts"}],"about":[{"href":"https:\/\/www.europesays.com\/pt\/wp-json\/wp\/v2\/types\/post"}],"author":[{"embeddable":true,"href":"https:\/\/www.europesays.com\/pt\/wp-json\/wp\/v2\/users\/2"}],"replies":[{"embeddable":true,"href":"https:\/\/www.europesays.com\/pt\/wp-json\/wp\/v2\/comments?post=165610"}],"version-history":[{"count":0,"href":"https:\/\/www.europesays.com\/pt\/wp-json\/wp\/v2\/posts\/165610\/revisions"}],"wp:featuredmedia":[{"embeddable":true,"href":"https:\/\/www.europesays.com\/pt\/wp-json\/wp\/v2\/media\/165611"}],"wp:attachment":[{"href":"https:\/\/www.europesays.com\/pt\/wp-json\/wp\/v2\/media?parent=165610"}],"wp:term":[{"taxonomy":"category","embeddable":true,"href":"https:\/\/www.europesays.com\/pt\/wp-json\/wp\/v2\/categories?post=165610"},{"taxonomy":"post_tag","embeddable":true,"href":"https:\/\/www.europesays.com\/pt\/wp-json\/wp\/v2\/tags?post=165610"}],"curies":[{"name":"wp","href":"https:\/\/api.w.org\/{rel}","templated":true}]}}