{"id":165616,"date":"2025-11-26T10:01:25","date_gmt":"2025-11-26T10:01:25","guid":{"rendered":"https:\/\/www.europesays.com\/pt\/165616\/"},"modified":"2025-11-26T10:01:25","modified_gmt":"2025-11-26T10:01:25","slug":"quando-um-casaco-primark-segue-duas-tendencias-de-moda-nunca-passa-despercebido","status":"publish","type":"post","link":"https:\/\/www.europesays.com\/pt\/165616\/","title":{"rendered":"Quando um casaco Primark segue duas tend\u00eancias de moda, nunca passa despercebido"},"content":{"rendered":"<p>Praticamente, j\u00e1 n\u00e3o podemos falar em outono porque o <a href=\"https:\/\/versa.iol.pt\/meteorologia\/chuva\/mau-tempo-afeta-portugal-mas-ate-quando\/20251124\/6924184fd34e3caad84b9c8f\" rel=\"nofollow noopener\" target=\"_blank\">tempo (e o frio) \u00e9 de inverno<\/a>. Ainda que s\u00f3 comece a\u00a021 de dezembro, \u00e9 altura de nos abastecermos com bons e robustos casacos que, de prefer\u00eancia, sigam as tend\u00eancias de moda.\u00a0<\/p>\n<p>\u00c9 o caso, por exemplo, de um dos novos casacos da Primark. Falamos do casaco\u00a0imita\u00e7\u00e3o pelo desgastado, que <a href=\"https:\/\/versa.iol.pt\/hm\/inverno\/e-a-grande-tendencia-de-inverno-e-a-h-m-esta-imparavel-21-pecas-chegam\/20251026\/68fb373ad34ee0c2fed19d82\" rel=\"nofollow noopener\" target=\"_blank\">segue a tend\u00eancia<\/a>\u00a0do pelo levada por marcas como Balenciaga, Prada, Miu Miu, Marni, Blumarine e Simone Rocha para os grandes desfiles da temporada outono\/inverno 2025-2026 nas Semanas de Moda internacionais.\u00a0<\/p>\n<p>Este casaco\u00a0tem um corte folgado e acabamento integral em imita\u00e7\u00e3o de pelo desgastado e est\u00e1 dispon\u00edvel tanto em cor de rosa suave, como na cor tend\u00eancia, chocolate, que se alinha com o Mocha Mousse eleita a cor do ano pela Pantone.\u00a0<\/p>\n<p>Antes que seja anunciada a cor para 2026, \u00e9 altura de usar e abusar do chocolate e combin\u00e1-lo com todo o tipo de cores, desde o azul cobalto ao preto ou mesmo branco.\u00a0<\/p>\n<p>O casaco n\u00e3o tem o valor mais simp\u00e1tico, mas certamente corresponde \u00e0 quantidade de pelo que integra. <a href=\"https:\/\/www.primark.com\/pt-pt\/p\/casaco-imitacao-pelo-desgastado-cor-de-rosa-991143368306\" target=\"_blank\" rel=\"nofollow noopener\">Custa \u20ac40<\/a>. Mostramos o modelo na galeria de imagens, \u00e0 qual junt\u00e1mos outros casacos de inverno.\u00a0<\/p>\n","protected":false},"excerpt":{"rendered":"Praticamente, j\u00e1 n\u00e3o podemos falar em outono porque o tempo (e o frio) \u00e9 de inverno. Ainda que&hellip;\n","protected":false},"author":2,"featured_media":165617,"comment_status":"","ping_status":"","sticky":false,"template":"","format":"standard","meta":{"footnotes":""},"categories":[85],"tags":[1081,17770,204,114,115,754,7189,186,1079,32,17447,33,1083,1078,1080],"class_list":{"0":"post-165616","1":"post","2":"type-post","3":"status-publish","4":"format-standard","5":"has-post-thumbnail","7":"category-entretenimento","8":"tag-beleza","9":"tag-casaco","10":"tag-design","11":"tag-entertainment","12":"tag-entretenimento","13":"tag-gastronomia","14":"tag-inverno","15":"tag-lifestyle","16":"tag-moda","17":"tag-portugal","18":"tag-primark","19":"tag-pt","20":"tag-tendencia","21":"tag-versa","22":"tag-viagens"},"share_on_mastodon":{"url":"https:\/\/pubeurope.com\/@pt\/115615425010481323","error":""},"_links":{"self":[{"href":"https:\/\/www.europesays.com\/pt\/wp-json\/wp\/v2\/posts\/165616","targetHints":{"allow":["GET"]}}],"collection":[{"href":"https:\/\/www.europesays.com\/pt\/wp-json\/wp\/v2\/posts"}],"about":[{"href":"https:\/\/www.europesays.com\/pt\/wp-json\/wp\/v2\/types\/post"}],"author":[{"embeddable":true,"href":"https:\/\/www.europesays.com\/pt\/wp-json\/wp\/v2\/users\/2"}],"replies":[{"embeddable":true,"href":"https:\/\/www.europesays.com\/pt\/wp-json\/wp\/v2\/comments?post=165616"}],"version-history":[{"count":0,"href":"https:\/\/www.europesays.com\/pt\/wp-json\/wp\/v2\/posts\/165616\/revisions"}],"wp:featuredmedia":[{"embeddable":true,"href":"https:\/\/www.europesays.com\/pt\/wp-json\/wp\/v2\/media\/165617"}],"wp:attachment":[{"href":"https:\/\/www.europesays.com\/pt\/wp-json\/wp\/v2\/media?parent=165616"}],"wp:term":[{"taxonomy":"category","embeddable":true,"href":"https:\/\/www.europesays.com\/pt\/wp-json\/wp\/v2\/categories?post=165616"},{"taxonomy":"post_tag","embeddable":true,"href":"https:\/\/www.europesays.com\/pt\/wp-json\/wp\/v2\/tags?post=165616"}],"curies":[{"name":"wp","href":"https:\/\/api.w.org\/{rel}","templated":true}]}}