{"id":165618,"date":"2025-11-26T10:04:22","date_gmt":"2025-11-26T10:04:22","guid":{"rendered":"https:\/\/www.europesays.com\/pt\/165618\/"},"modified":"2025-11-26T10:04:22","modified_gmt":"2025-11-26T10:04:22","slug":"musicos-portugueses-agredidos-com-gas-pimenta-por-neonazis-em-madrid","status":"publish","type":"post","link":"https:\/\/www.europesays.com\/pt\/165618\/","title":{"rendered":"M\u00fasicos portugueses agredidos com g\u00e1s-pimenta por neonazis em Madrid"},"content":{"rendered":"<p>Depois dos concertos de duas bandas de rock do Barreiro, que se realizaram no \u00faltimo s\u00e1bado \u00e0 noite numa associa\u00e7\u00e3o cultural em Madrid, quatro m\u00fasicos portugueses foram v\u00edtimas de atos violentos por parte de um grupo neonazi local. O ataque aconteceu perto das 0h15 \u00e0 porta do local, que \u00e9 uma sede do Partido Comunista madrileno. <strong>Os agressores usaram spray de g\u00e1s-pimenta contra o rosto dos quatro portugueses e de um espanhol<\/strong>, no Centro Social el Nido, situado em Hortaleza, no Norte da capital espanhola.<\/p>\n<p><a href=\"https:\/\/expresso.pt\/subscrever?action=GEN&amp;channel=VID&amp;type=CAP&amp;source=WEB&amp;returnUrl=https:\/\/expresso.pt\/sociedade\/seguranca\/2025-11-25-musicos-portugueses-agredidos-com-gas-pimenta-por-neonazis-em-madrid-34f8d272&amp;utm_source=expresso&amp;utm_medium=locked_article&amp;locked=true&amp;article_id=2a6edc17-7352-4bff-a159-7d27324ef954&amp;author_id=Hugo+Franco&amp;category=Seguran\u00e7a\" target=\"_self\" class=\"\" rel=\"nofollow noopener\">Subscrever<\/a>J\u00e1 \u00e9 Subscritor?Fa\u00e7a login e continue a ler<a href=\"http:\/\/expresso.pt\/codigo?redirectUrl=https:\/\/expresso.pt\/sociedade\/seguranca\/2025-11-25-musicos-portugueses-agredidos-com-gas-pimenta-por-neonazis-em-madrid-34f8d272\" target=\"_self\" class=\"\" rel=\"nofollow noopener\">Inserir C\u00f3digo<\/a>Comprou o Expresso?Insira o c\u00f3digo presente na Revista E para continuar a ler<\/p>\n","protected":false},"excerpt":{"rendered":"Depois dos concertos de duas bandas de rock do Barreiro, que se realizaram no \u00faltimo s\u00e1bado \u00e0 noite&hellip;\n","protected":false},"author":2,"featured_media":165619,"comment_status":"","ping_status":"","sticky":false,"template":"","format":"standard","meta":{"footnotes":""},"categories":[50],"tags":[27,28,15,16,14,25,26,21,22,62,12,13,19,20,23,24,17,18,29,30,31,63,64,65],"class_list":{"0":"post-165618","1":"post","2":"type-post","3":"status-publish","4":"format-standard","5":"has-post-thumbnail","7":"category-mundo","8":"tag-breaking-news","9":"tag-breakingnews","10":"tag-featured-news","11":"tag-featurednews","12":"tag-headlines","13":"tag-latest-news","14":"tag-latestnews","15":"tag-main-news","16":"tag-mainnews","17":"tag-mundo","18":"tag-news","19":"tag-noticias","20":"tag-noticias-principais","21":"tag-noticiasprincipais","22":"tag-principais-noticias","23":"tag-principaisnoticias","24":"tag-top-stories","25":"tag-topstories","26":"tag-ultimas","27":"tag-ultimas-noticias","28":"tag-ultimasnoticias","29":"tag-world","30":"tag-world-news","31":"tag-worldnews"},"share_on_mastodon":{"url":"https:\/\/pubeurope.com\/@pt\/115615436990893041","error":""},"_links":{"self":[{"href":"https:\/\/www.europesays.com\/pt\/wp-json\/wp\/v2\/posts\/165618","targetHints":{"allow":["GET"]}}],"collection":[{"href":"https:\/\/www.europesays.com\/pt\/wp-json\/wp\/v2\/posts"}],"about":[{"href":"https:\/\/www.europesays.com\/pt\/wp-json\/wp\/v2\/types\/post"}],"author":[{"embeddable":true,"href":"https:\/\/www.europesays.com\/pt\/wp-json\/wp\/v2\/users\/2"}],"replies":[{"embeddable":true,"href":"https:\/\/www.europesays.com\/pt\/wp-json\/wp\/v2\/comments?post=165618"}],"version-history":[{"count":0,"href":"https:\/\/www.europesays.com\/pt\/wp-json\/wp\/v2\/posts\/165618\/revisions"}],"wp:featuredmedia":[{"embeddable":true,"href":"https:\/\/www.europesays.com\/pt\/wp-json\/wp\/v2\/media\/165619"}],"wp:attachment":[{"href":"https:\/\/www.europesays.com\/pt\/wp-json\/wp\/v2\/media?parent=165618"}],"wp:term":[{"taxonomy":"category","embeddable":true,"href":"https:\/\/www.europesays.com\/pt\/wp-json\/wp\/v2\/categories?post=165618"},{"taxonomy":"post_tag","embeddable":true,"href":"https:\/\/www.europesays.com\/pt\/wp-json\/wp\/v2\/tags?post=165618"}],"curies":[{"name":"wp","href":"https:\/\/api.w.org\/{rel}","templated":true}]}}