{"id":165621,"date":"2025-11-26T10:06:09","date_gmt":"2025-11-26T10:06:09","guid":{"rendered":"https:\/\/www.europesays.com\/pt\/165621\/"},"modified":"2025-11-26T10:06:09","modified_gmt":"2025-11-26T10:06:09","slug":"suspeitas-de-violacao-bombeiros-do-fundao-ficam-com-termo-de-identidade-e-residencia","status":"publish","type":"post","link":"https:\/\/www.europesays.com\/pt\/165621\/","title":{"rendered":"Suspeitas de viola\u00e7\u00e3o. Bombeiros do Fund\u00e3o ficam com termo de identidade e resid\u00eancia"},"content":{"rendered":"<p>Os detidos foram ouvidos na tarde de ter\u00e7a-feira em tribunal e ficam sujeitos \u00e0 medida de coa\u00e7\u00e3o menos gravosa. <b>Ficam com termo de identidade e resid\u00eancia e ficam obrigados a apresenta\u00e7\u00f5es peri\u00f3dicas semanais e impossibilitados de contactar entre eles. <\/b><br \/>\n          <img decoding=\"async\" itemprop=\"image\" class=\"img-fluid\"   src=\"https:\/\/www.europesays.com\/pt\/wp-content\/uploads\/2025\/11\/0132bcd930448926356ed787c15634cd_N.jpg\"\/><\/p>\n<p>Telejornal | 25 de novembro de 2025<\/p>\n<p>De acordo com a Pol\u00edcia Judici\u00e1ria, <b>a v\u00edtima foi um bombeiro de 19 anos que foi sujeito a atos sexuais violentos durante os dois primeiros servi\u00e7os.<\/b>&#13;\n<\/p>\n<p>\nA investiga\u00e7\u00e3o come\u00e7ou numa queixa feita pela pr\u00f3pria v\u00edtima, suportada e apoiada pelo Comando da referida corpora\u00e7\u00e3o que colaborou com a Pol\u00edcia Judici\u00e1ria.\u00a0<\/p>\n<p>Num comunidado enviados \u00e0s reda\u00e7\u00f5es, o comandante dos bombeiros do Fund\u00e3o garante que est\u00e1 em curso um processo de inqu\u00e9rito interno e que os respons\u00e1veis ser\u00e3o punidos, se necess\u00e1rio at\u00e9 expulsos da corpora\u00e7\u00e3o.<\/p>\n","protected":false},"excerpt":{"rendered":"Os detidos foram ouvidos na tarde de ter\u00e7a-feira em tribunal e ficam sujeitos \u00e0 medida de coa\u00e7\u00e3o menos&hellip;\n","protected":false},"author":2,"featured_media":165622,"comment_status":"","ping_status":"","sticky":false,"template":"","format":"standard","meta":{"footnotes":""},"categories":[8],"tags":[11973,627,27,28,15,16,14,25,26,21,22,35006,12,13,19,20,32,23,24,33,23628,17,18,29,30,31,8102,18495],"class_list":{"0":"post-165621","1":"post","2":"type-post","3":"status-publish","4":"format-standard","5":"has-post-thumbnail","7":"category-principais-noticias","8":"tag-abusos","9":"tag-bombeiros","10":"tag-breaking-news","11":"tag-breakingnews","12":"tag-featured-news","13":"tag-featurednews","14":"tag-headlines","15":"tag-latest-news","16":"tag-latestnews","17":"tag-main-news","18":"tag-mainnews","19":"tag-medidas-de-coacao","20":"tag-news","21":"tag-noticias","22":"tag-noticias-principais","23":"tag-noticiasprincipais","24":"tag-portugal","25":"tag-principais-noticias","26":"tag-principaisnoticias","27":"tag-pt","28":"tag-suspeita","29":"tag-top-stories","30":"tag-topstories","31":"tag-ultimas","32":"tag-ultimas-noticias","33":"tag-ultimasnoticias","34":"tag-violacao","35":"tag-voluntarios"},"share_on_mastodon":{"url":"https:\/\/pubeurope.com\/@pt\/115615445089306865","error":""},"_links":{"self":[{"href":"https:\/\/www.europesays.com\/pt\/wp-json\/wp\/v2\/posts\/165621","targetHints":{"allow":["GET"]}}],"collection":[{"href":"https:\/\/www.europesays.com\/pt\/wp-json\/wp\/v2\/posts"}],"about":[{"href":"https:\/\/www.europesays.com\/pt\/wp-json\/wp\/v2\/types\/post"}],"author":[{"embeddable":true,"href":"https:\/\/www.europesays.com\/pt\/wp-json\/wp\/v2\/users\/2"}],"replies":[{"embeddable":true,"href":"https:\/\/www.europesays.com\/pt\/wp-json\/wp\/v2\/comments?post=165621"}],"version-history":[{"count":0,"href":"https:\/\/www.europesays.com\/pt\/wp-json\/wp\/v2\/posts\/165621\/revisions"}],"wp:featuredmedia":[{"embeddable":true,"href":"https:\/\/www.europesays.com\/pt\/wp-json\/wp\/v2\/media\/165622"}],"wp:attachment":[{"href":"https:\/\/www.europesays.com\/pt\/wp-json\/wp\/v2\/media?parent=165621"}],"wp:term":[{"taxonomy":"category","embeddable":true,"href":"https:\/\/www.europesays.com\/pt\/wp-json\/wp\/v2\/categories?post=165621"},{"taxonomy":"post_tag","embeddable":true,"href":"https:\/\/www.europesays.com\/pt\/wp-json\/wp\/v2\/tags?post=165621"}],"curies":[{"name":"wp","href":"https:\/\/api.w.org\/{rel}","templated":true}]}}