{"id":165627,"date":"2025-11-26T10:17:12","date_gmt":"2025-11-26T10:17:12","guid":{"rendered":"https:\/\/www.europesays.com\/pt\/165627\/"},"modified":"2025-11-26T10:17:12","modified_gmt":"2025-11-26T10:17:12","slug":"sporting-esta-preparado-para-as-consequencias-de-bater-o-club-brugge-futebol-internacional","status":"publish","type":"post","link":"https:\/\/www.europesays.com\/pt\/165627\/","title":{"rendered":"Sporting est\u00e1 preparado para as consequ\u00eancias de bater o Club Brugge | Futebol internacional"},"content":{"rendered":"<p>Intoc\u00e1vel em Alvalade, onde ca\u00edram Kairat e Marselha, o Sporting pode, segundo os c\u00e1lculos do \u201cvizinho\u201d Jos\u00e9 Mourinho, garantir, j\u00e1 nesta quarta-feira, frente ao Club Brugge (20h, SPTV5), \u00e0 quinta ronda da fase de Liga, uma das 24 vagas de acesso aos oitavos-de-final da Liga dos Campe\u00f5es.<\/p>\n<p>Menos obcecado com a cadeira de Matem\u00e1tica Aplicada, Rui Borges limitou-se a repetir que o importante \u00e9 somar os tr\u00eas pontos em jogo e o resto ser\u00e1 sempre consequ\u00eancia. Na verdade, h\u00e1 um ano, dez pontos n\u00e3o chegaram para o Estugarda passar. Mesmo com 11, o D\u00ednamo Zagreb ficou pelo caminho. Mas as contas t\u00eam outras vari\u00e1veis e passar a fasquia dos dez pontos ser\u00e1 sempre um passo de gigante para alcan\u00e7ar o objectivo.<\/p>\n<p>Assim, um triunfo sobre os belgas, que na edi\u00e7\u00e3o anterior <a href=\"https:\/\/www.publico.pt\/2024\/12\/10\/desporto\/cronica_de_jogo\/sporting-continuou-perdido-belgica-2115209\" rel=\"nofollow noopener\" target=\"_blank\">derrotaram os \u201cle\u00f5es\u201d, por 2-1<\/a>, em Brugge &#8211; tamb\u00e9m na fase de Liga, qualificando-se \u00e0 justa, no \u00faltimo lugar, logo a seguir ao Sporting, igualados com 11 pontos, para o play-off -, garante uma \u201calmofada\u201d importante antes da desloca\u00e7\u00e3o a Munique (onde o Brugge foi goleado pelo Bayern, por 4-0), da recep\u00e7\u00e3o ao campe\u00e3o PSG e da viagem a Bilbau.<\/p>\n<p>Jo\u00e3o Sim\u00f5es \u00e0s ordens<\/p>\n<p>Sem os lesionados Pedro Gon\u00e7alves, Debast, Ioannidis, Nuno Santos e Daniel Bragan\u00e7a, o treinador do Sporting, Rui Borges, recuperou o jovem m\u00e9dio Jo\u00e3o Sim\u00f5es, dispondo de 26 unidades para atacar este duelo, para o qual conta com a juventude de Rayan Lucas, Bruno Ramos, Salvador Blopa, Fl\u00e1vio Gon\u00e7alves e Rodrigo Ribeiro.<\/p>\n<p>Um quadro que Rui Borges relativizou, lembrando que foi campe\u00e3o usando quase metade dos jogadores da equipa B, sem nunca se lamentar das les\u00f5es, algo que n\u00e3o pode controlar, especialmente quando s\u00e3o traum\u00e1ticas. A partir da\u00ed, o Sporting ter\u00e1 de se adaptar para lidar com um advers\u00e1rio que Rui Borges reputa de grande equipa, mesmo que os embates seguintes com Bayern e PSG possam tornar os belgas num desafio menor.<\/p>\n<p>Empatados em participa\u00e7\u00f5es (12), mas com o Sporting a recuperar o h\u00e1bito nos \u00faltimos cinco anos, com quatro presen\u00e7as na prova milion\u00e1ria, o Brugge, ainda sem qualquer ponto conquistado fora de portas, apresenta-se em Alvalade com a aura elevada pelo <a href=\"https:\/\/www.publico.pt\/2025\/11\/05\/desporto\/noticia\/liga-campeoes-inter-juntase-bayern-arsenal-barcelona-entra-lista-forbs-2153546\" rel=\"nofollow noopener\" target=\"_blank\">empate (3-3) com o Barcelona<\/a> na jornada anterior.<\/p>\n<p>Ronda em que o portugu\u00eas Carlos Forbs, de 21 anos, se destacou com dois golos e uma assist\u00eancia, surpreendendo os catal\u00e3es e justificando a <a href=\"https:\/\/www.publico.pt\/2025\/11\/07\/desporto\/noticia\/roberto-martinez-chama-carlos-forbs-estreia-seleccao-portugal-2153756\" rel=\"nofollow noopener\" target=\"_blank\">primeira chamada \u00e0 selec\u00e7\u00e3o<\/a> principal de Portugal, onde se estreou com o n\u00famero do castigado Cristiano Ronaldo frente \u00e0 Arm\u00e9nia, no Drag\u00e3o. Forbs surge, por isso, ainda mais confiante neste regresso ao clube de onde saiu ainda menino para as escolas do Manchester City, h\u00e1 j\u00e1 dez anos.<\/p>\n<p>Um \u201cmomento especial\u201d, aquiesce o extremo, que assume o bom momento de forma e promete causar dores de cabe\u00e7a aos defesas sportinguistas. Apesar desse pequeno bal\u00e3o de oxig\u00e9nio, os belgas ter\u00e3o de contrariar um advers\u00e1rio igualmente \u201canimado\u201d pelo empate em Turim, com a Juventus, e que apenas quebrou em N\u00e1poles.<\/p>\n<p>Mas, primeiro, o Club Brugge, 22.\u00ba da tabela, com quatro pontos (menos tr\u00eas do que os \u201cle\u00f5es\u201d) ter\u00e1 de superar os problemas log\u00edsticos de uma greve que alterou o plano de viagem para se poder agarrar \u00e0 b\u00f3ia de salva\u00e7\u00e3o antes da recep\u00e7\u00e3o ao Arsenal, impacto que quer atenuar em Alvalade.<\/p>\n","protected":false},"excerpt":{"rendered":"Intoc\u00e1vel em Alvalade, onde ca\u00edram Kairat e Marselha, o Sporting pode, segundo os c\u00e1lculos do \u201cvizinho\u201d Jos\u00e9 Mourinho,&hellip;\n","protected":false},"author":2,"featured_media":165628,"comment_status":"","ping_status":"","sticky":false,"template":"","format":"standard","meta":{"footnotes":""},"categories":[87],"tags":[135,138,1003,32,33,34,134],"class_list":{"0":"post-165627","1":"post","2":"type-post","3":"status-publish","4":"format-standard","5":"has-post-thumbnail","7":"category-desporto","8":"tag-desporto","9":"tag-futebol-internacional","10":"tag-liga-dos-campeoes","11":"tag-portugal","12":"tag-pt","13":"tag-sporting","14":"tag-sports"},"share_on_mastodon":{"url":"https:\/\/pubeurope.com\/@pt\/115615488227560453","error":""},"_links":{"self":[{"href":"https:\/\/www.europesays.com\/pt\/wp-json\/wp\/v2\/posts\/165627","targetHints":{"allow":["GET"]}}],"collection":[{"href":"https:\/\/www.europesays.com\/pt\/wp-json\/wp\/v2\/posts"}],"about":[{"href":"https:\/\/www.europesays.com\/pt\/wp-json\/wp\/v2\/types\/post"}],"author":[{"embeddable":true,"href":"https:\/\/www.europesays.com\/pt\/wp-json\/wp\/v2\/users\/2"}],"replies":[{"embeddable":true,"href":"https:\/\/www.europesays.com\/pt\/wp-json\/wp\/v2\/comments?post=165627"}],"version-history":[{"count":0,"href":"https:\/\/www.europesays.com\/pt\/wp-json\/wp\/v2\/posts\/165627\/revisions"}],"wp:featuredmedia":[{"embeddable":true,"href":"https:\/\/www.europesays.com\/pt\/wp-json\/wp\/v2\/media\/165628"}],"wp:attachment":[{"href":"https:\/\/www.europesays.com\/pt\/wp-json\/wp\/v2\/media?parent=165627"}],"wp:term":[{"taxonomy":"category","embeddable":true,"href":"https:\/\/www.europesays.com\/pt\/wp-json\/wp\/v2\/categories?post=165627"},{"taxonomy":"post_tag","embeddable":true,"href":"https:\/\/www.europesays.com\/pt\/wp-json\/wp\/v2\/tags?post=165627"}],"curies":[{"name":"wp","href":"https:\/\/api.w.org\/{rel}","templated":true}]}}