{"id":165637,"date":"2025-11-26T10:24:25","date_gmt":"2025-11-26T10:24:25","guid":{"rendered":"https:\/\/www.europesays.com\/pt\/165637\/"},"modified":"2025-11-26T10:24:25","modified_gmt":"2025-11-26T10:24:25","slug":"ex-sporting-arrasa-capitao-do-ajax-esta-a-brincar-as-escondidas","status":"publish","type":"post","link":"https:\/\/www.europesays.com\/pt\/165637\/","title":{"rendered":"Ex-Sporting arrasa capit\u00e3o do Ajax: \u00abEst\u00e1 a brincar \u00e0s escondidas\u00bb"},"content":{"rendered":"<p>Khalid Boulahrouz, antigo jogador do <a target=\"_blank\" class=\"editor-link autolink-enabled\" href=\"https:\/\/www.abola.pt\/futebol\/sporting-448\" data-resource-id=\"448\" data-resource-type=\"team\" data-sport=\"football\" rel=\"nofollow noopener\">Sporting<\/a> e atual comentador na Ziggo Sport, n\u00e3o escondeu a irrita\u00e7\u00e3o com <a target=\"_blank\" class=\"editor-link autolink-enabled\" href=\"https:\/\/www.abola.pt\/futebol\/jogador\/davy-klaassen-7256\" data-resource-id=\"7256\" data-resource-type=\"player\" data-sport=\"football\" rel=\"nofollow noopener\">Klaassen<\/a>, capit\u00e3o do <a target=\"_blank\" class=\"editor-link autolink-enabled\" href=\"https:\/\/www.abola.pt\/futebol\/ajax-390\" data-resource-id=\"390\" data-resource-type=\"team\" data-sport=\"football\" rel=\"nofollow noopener\">Ajax<\/a>, que teve duas grandes oportunidades na derrota frente ao <a target=\"_blank\" class=\"editor-link autolink-enabled\" href=\"https:\/\/www.abola.pt\/futebol\/benfica-450\" data-resource-id=\"450\" data-resource-type=\"team\" data-sport=\"football\" rel=\"nofollow noopener\">Benfica<\/a>, por 0-2, na quinta jornada da fase de liga da <a target=\"_blank\" class=\"editor-link autolink-enabled\" href=\"https:\/\/www.abola.pt\/futebol\/competicao\/uefa-champions-league-27\" data-resource-id=\"27\" data-resource-type=\"competition\" data-sport=\"football\" rel=\"nofollow noopener\">UEFA Champions League<\/a>.\u00a0<\/p>\n<p>\u00abN\u00e3o estou a criticar o <a class=\"autolink-enabled\" data-resource-id=\"7256\" data-resource-type=\"player\" data-sport=\"football\" href=\"https:\/\/www.abola.pt\/futebol\/jogador\/davy-klaassen-7256\" rel=\"nofollow noopener\" target=\"_blank\">Klaassen<\/a>, mas notei que \u00e9 dif\u00edcil jogar com ele. Tens de ajudar a equipa, mas o jogo estava est\u00e1tico, sem movimenta\u00e7\u00f5es. Se quisermos analisar o <a class=\"autolink-enabled\" data-resource-id=\"390\" data-resource-type=\"team\" data-sport=\"football\" href=\"https:\/\/www.abola.pt\/futebol\/ajax-390\" rel=\"nofollow noopener\" target=\"_blank\">Ajax<\/a> de forma mais cr\u00edtica, se quiseres melhor a equipa, um jogador como o <a class=\"autolink-enabled\" data-resource-id=\"7256\" data-resource-type=\"player\" data-sport=\"football\" href=\"https:\/\/www.abola.pt\/futebol\/jogador\/davy-klaassen-7256\" rel=\"nofollow noopener\" target=\"_blank\">Klaassen<\/a>, que \u00e9 o capit\u00e3o, tem de assumir a responsabilidade\u00bb, referiu, n\u00e3o se ficando por a\u00ed nas cr\u00edticas.\u00a0<\/p>\n<p>\u00abEssas declara\u00e7\u00f5es s\u00e3o sempre superficiais, nunca s\u00e3o autocr\u00edticas. Sabes o que est\u00e1 errado, mas ficas a brincar \u00e0s escondidas. Pode ser o capit\u00e3o, mas n\u00e3o est\u00e1 a jogar o suficiente agora. Quando se movimentou na segunda parte, esteve em situa\u00e7\u00f5es de perigo. Tens de ser mais autocr\u00edtico\u00bb, completou.\u00a0<\/p>\n","protected":false},"excerpt":{"rendered":"Khalid Boulahrouz, antigo jogador do Sporting e atual comentador na Ziggo Sport, n\u00e3o escondeu a irrita\u00e7\u00e3o com Klaassen,&hellip;\n","protected":false},"author":2,"featured_media":165638,"comment_status":"","ping_status":"","sticky":false,"template":"","format":"standard","meta":{"footnotes":""},"categories":[8],"tags":[27,28,15,16,14,25,26,21,22,12,13,19,20,32,23,24,33,17,18,29,30,31],"class_list":{"0":"post-165637","1":"post","2":"type-post","3":"status-publish","4":"format-standard","5":"has-post-thumbnail","7":"category-principais-noticias","8":"tag-breaking-news","9":"tag-breakingnews","10":"tag-featured-news","11":"tag-featurednews","12":"tag-headlines","13":"tag-latest-news","14":"tag-latestnews","15":"tag-main-news","16":"tag-mainnews","17":"tag-news","18":"tag-noticias","19":"tag-noticias-principais","20":"tag-noticiasprincipais","21":"tag-portugal","22":"tag-principais-noticias","23":"tag-principaisnoticias","24":"tag-pt","25":"tag-top-stories","26":"tag-topstories","27":"tag-ultimas","28":"tag-ultimas-noticias","29":"tag-ultimasnoticias"},"share_on_mastodon":{"url":"https:\/\/pubeurope.com\/@pt\/115615515594819679","error":""},"_links":{"self":[{"href":"https:\/\/www.europesays.com\/pt\/wp-json\/wp\/v2\/posts\/165637","targetHints":{"allow":["GET"]}}],"collection":[{"href":"https:\/\/www.europesays.com\/pt\/wp-json\/wp\/v2\/posts"}],"about":[{"href":"https:\/\/www.europesays.com\/pt\/wp-json\/wp\/v2\/types\/post"}],"author":[{"embeddable":true,"href":"https:\/\/www.europesays.com\/pt\/wp-json\/wp\/v2\/users\/2"}],"replies":[{"embeddable":true,"href":"https:\/\/www.europesays.com\/pt\/wp-json\/wp\/v2\/comments?post=165637"}],"version-history":[{"count":0,"href":"https:\/\/www.europesays.com\/pt\/wp-json\/wp\/v2\/posts\/165637\/revisions"}],"wp:featuredmedia":[{"embeddable":true,"href":"https:\/\/www.europesays.com\/pt\/wp-json\/wp\/v2\/media\/165638"}],"wp:attachment":[{"href":"https:\/\/www.europesays.com\/pt\/wp-json\/wp\/v2\/media?parent=165637"}],"wp:term":[{"taxonomy":"category","embeddable":true,"href":"https:\/\/www.europesays.com\/pt\/wp-json\/wp\/v2\/categories?post=165637"},{"taxonomy":"post_tag","embeddable":true,"href":"https:\/\/www.europesays.com\/pt\/wp-json\/wp\/v2\/tags?post=165637"}],"curies":[{"name":"wp","href":"https:\/\/api.w.org\/{rel}","templated":true}]}}