{"id":165639,"date":"2025-11-26T10:25:11","date_gmt":"2025-11-26T10:25:11","guid":{"rendered":"https:\/\/www.europesays.com\/pt\/165639\/"},"modified":"2025-11-26T10:25:11","modified_gmt":"2025-11-26T10:25:11","slug":"renata-banhara-relembra-banho-gelado-diante-de-xororo-e-noely","status":"publish","type":"post","link":"https:\/\/www.europesays.com\/pt\/165639\/","title":{"rendered":"Renata Banhara relembra banho gelado diante de Xoror\u00f3 e Noely"},"content":{"rendered":"<p class=\"bullet mt-0\" data-v-232111b4=\"\">Eu via eles constrangidos, que talvez na vida real deles usassem shorts pra ir \u00e0 praia, mas eu via eles constrangidos de p\u00f4r a sunga e n\u00e3o tinha academia, n\u00e3o tinha lipo, n\u00e3o tinha whey protein, n\u00e3o tinha nada disso, gente. Era torresmo, era feijoada, era chopp. Ent\u00e3o enfrentar a banheira pro homem, eu sinto at\u00e9 que ficava mais pra dentro, &#8216;o miudinho&#8217; <strong>Renata Banhara<\/strong><\/p>\n<p><img decoding=\"async\" src=\"https:\/\/www.europesays.com\/pt\/wp-content\/uploads\/2025\/11\/1764152711_532_sddefault.jpg\" alt=\"\"\/>O Povo Quer Saber<\/p>\n<p class=\"bullet\" data-v-232111b4=\"\">Temas divertidos ou completamente improv\u00e1veis, especialistas que vivem tudo isso de perto e um apresentador que nunca errou o vencedor de um reality show. Essa \u00e9 a mistura que d\u00e1 o tom de <strong>O Povo Quer Saber<\/strong>, novo programa com <strong>Chico Barney<\/strong>, no Canal UOL.<\/p>\n<p class=\"bullet\" data-v-232111b4=\"\">O Povo Quer Saber vai ao ar \u00e0s ter\u00e7as-feiras de manh\u00e3 no YouTube e no Canal UOL, na TV, \u00e0s 22h. Aos s\u00e1bados, o canal reprisa a atra\u00e7\u00e3o \u00e0s 20h30.<\/p>\n<p class=\"bullet\" data-v-232111b4=\"\">O Canal UOL est\u00e1 dispon\u00edvel na Claro (canal n\u00ba 549), Vivo TV (canal n\u00ba 613), Sky (canal n\u00ba 88), Oi TV (canal n\u00ba 140), TVRO Embratel (canal n\u00ba 546), Zapping (canal n\u00ba 64), Samsung TV Plus (canal n\u00ba 2074), Pluto TV, no UOL Play, no TCL Channel (canal n\u00ba 2750) e no LG Channels (canal n\u00ba 139).<\/p>\n","protected":false},"excerpt":{"rendered":"Eu via eles constrangidos, que talvez na vida real deles usassem shorts pra ir \u00e0 praia, mas eu&hellip;\n","protected":false},"author":2,"featured_media":165640,"comment_status":"","ping_status":"","sticky":false,"template":"","format":"standard","meta":{"footnotes":""},"categories":[145],"tags":[211,210,114,115,32,33],"class_list":{"0":"post-165639","1":"post","2":"type-post","3":"status-publish","4":"format-standard","5":"has-post-thumbnail","7":"category-celebridades","8":"tag-celebridades","9":"tag-celebrities","10":"tag-entertainment","11":"tag-entretenimento","12":"tag-portugal","13":"tag-pt"},"share_on_mastodon":{"url":"https:\/\/pubeurope.com\/@pt\/115615519657274805","error":""},"_links":{"self":[{"href":"https:\/\/www.europesays.com\/pt\/wp-json\/wp\/v2\/posts\/165639","targetHints":{"allow":["GET"]}}],"collection":[{"href":"https:\/\/www.europesays.com\/pt\/wp-json\/wp\/v2\/posts"}],"about":[{"href":"https:\/\/www.europesays.com\/pt\/wp-json\/wp\/v2\/types\/post"}],"author":[{"embeddable":true,"href":"https:\/\/www.europesays.com\/pt\/wp-json\/wp\/v2\/users\/2"}],"replies":[{"embeddable":true,"href":"https:\/\/www.europesays.com\/pt\/wp-json\/wp\/v2\/comments?post=165639"}],"version-history":[{"count":0,"href":"https:\/\/www.europesays.com\/pt\/wp-json\/wp\/v2\/posts\/165639\/revisions"}],"wp:featuredmedia":[{"embeddable":true,"href":"https:\/\/www.europesays.com\/pt\/wp-json\/wp\/v2\/media\/165640"}],"wp:attachment":[{"href":"https:\/\/www.europesays.com\/pt\/wp-json\/wp\/v2\/media?parent=165639"}],"wp:term":[{"taxonomy":"category","embeddable":true,"href":"https:\/\/www.europesays.com\/pt\/wp-json\/wp\/v2\/categories?post=165639"},{"taxonomy":"post_tag","embeddable":true,"href":"https:\/\/www.europesays.com\/pt\/wp-json\/wp\/v2\/tags?post=165639"}],"curies":[{"name":"wp","href":"https:\/\/api.w.org\/{rel}","templated":true}]}}