{"id":165651,"date":"2025-11-26T10:36:10","date_gmt":"2025-11-26T10:36:10","guid":{"rendered":"https:\/\/www.europesays.com\/pt\/165651\/"},"modified":"2025-11-26T10:36:10","modified_gmt":"2025-11-26T10:36:10","slug":"incendio-em-arranha-ceus-em-hong-kong-deixa-habitantes-encurralados","status":"publish","type":"post","link":"https:\/\/www.europesays.com\/pt\/165651\/","title":{"rendered":"Inc\u00eandio em arranha-c\u00e9us em Hong Kong deixa habitantes encurralados"},"content":{"rendered":"<p>Um inc\u00eandio de grandes dimens\u00f5es atingiu esta quarta-feira um complexo habitacional em Tai Po, em Hong Kong, deixando v\u00e1rias pessoas encurraladas. Segundo a Imprensa local, h\u00e1 pelo menos quatro mortos, incluindo um bombeiro, e oito feridos.<\/p>\n<p style=\"text-align: justify\">Segundo a Reuters, os servi\u00e7os de emerg\u00eancia foram chamados ao local para conter as chamas, que consumiram andaimes de bambu em v\u00e1rios arranha-c\u00e9us no conjunto habitacional Wang Fuk Court.<\/p>\n<p style=\"text-align: justify\">Segundo os bombeiros, o inc\u00eandio teve in\u00edcio \u00e0s 14h51 (6h51 em Lisboa) em Wang Fuk Court, um complexo habitacional composto por oito blocos, com 2.000 habita\u00e7\u00f5es. Menos de uma hora depois de deflagrar o inc\u00eandio, as autoridades elevaram o alerta para o segundo n\u00edvel mais grave.<\/p>\n","protected":false},"excerpt":{"rendered":"Um inc\u00eandio de grandes dimens\u00f5es atingiu esta quarta-feira um complexo habitacional em Tai Po, em Hong Kong, deixando&hellip;\n","protected":false},"author":2,"featured_media":165652,"comment_status":"","ping_status":"","sticky":false,"template":"","format":"standard","meta":{"footnotes":""},"categories":[50],"tags":[27,28,15,16,14,25,26,21,22,62,12,13,19,20,23,24,17,18,29,30,31,63,64,65],"class_list":{"0":"post-165651","1":"post","2":"type-post","3":"status-publish","4":"format-standard","5":"has-post-thumbnail","7":"category-mundo","8":"tag-breaking-news","9":"tag-breakingnews","10":"tag-featured-news","11":"tag-featurednews","12":"tag-headlines","13":"tag-latest-news","14":"tag-latestnews","15":"tag-main-news","16":"tag-mainnews","17":"tag-mundo","18":"tag-news","19":"tag-noticias","20":"tag-noticias-principais","21":"tag-noticiasprincipais","22":"tag-principais-noticias","23":"tag-principaisnoticias","24":"tag-top-stories","25":"tag-topstories","26":"tag-ultimas","27":"tag-ultimas-noticias","28":"tag-ultimasnoticias","29":"tag-world","30":"tag-world-news","31":"tag-worldnews"},"share_on_mastodon":{"url":"https:\/\/pubeurope.com\/@pt\/115615562763834978","error":""},"_links":{"self":[{"href":"https:\/\/www.europesays.com\/pt\/wp-json\/wp\/v2\/posts\/165651","targetHints":{"allow":["GET"]}}],"collection":[{"href":"https:\/\/www.europesays.com\/pt\/wp-json\/wp\/v2\/posts"}],"about":[{"href":"https:\/\/www.europesays.com\/pt\/wp-json\/wp\/v2\/types\/post"}],"author":[{"embeddable":true,"href":"https:\/\/www.europesays.com\/pt\/wp-json\/wp\/v2\/users\/2"}],"replies":[{"embeddable":true,"href":"https:\/\/www.europesays.com\/pt\/wp-json\/wp\/v2\/comments?post=165651"}],"version-history":[{"count":0,"href":"https:\/\/www.europesays.com\/pt\/wp-json\/wp\/v2\/posts\/165651\/revisions"}],"wp:featuredmedia":[{"embeddable":true,"href":"https:\/\/www.europesays.com\/pt\/wp-json\/wp\/v2\/media\/165652"}],"wp:attachment":[{"href":"https:\/\/www.europesays.com\/pt\/wp-json\/wp\/v2\/media?parent=165651"}],"wp:term":[{"taxonomy":"category","embeddable":true,"href":"https:\/\/www.europesays.com\/pt\/wp-json\/wp\/v2\/categories?post=165651"},{"taxonomy":"post_tag","embeddable":true,"href":"https:\/\/www.europesays.com\/pt\/wp-json\/wp\/v2\/tags?post=165651"}],"curies":[{"name":"wp","href":"https:\/\/api.w.org\/{rel}","templated":true}]}}