{"id":165659,"date":"2025-11-26T10:43:13","date_gmt":"2025-11-26T10:43:13","guid":{"rendered":"https:\/\/www.europesays.com\/pt\/165659\/"},"modified":"2025-11-26T10:43:13","modified_gmt":"2025-11-26T10:43:13","slug":"quando-estreia-a-nova-temporada-de-ilhados-com-a-sogra-conheca-os-participantes-gzh","status":"publish","type":"post","link":"https:\/\/www.europesays.com\/pt\/165659\/","title":{"rendered":"Quando estreia a nova temporada de &quot;Ilhados com a Sogra&quot;? Conhe\u00e7a os participantes &#8211; GZH"},"content":{"rendered":"<ol>\n<li><a href=\"https:\/\/news.google.com\/rss\/articles\/CBMi9wFBVV95cUxOZHR1NEpQM1FialZxdnFBUzI1RnpjR0E1WU5sS2d5UUpRZXJmRDRDVnRTT2VPTndkYmVxQVduX3NzanJDVXFIb3NZSmowU0hkTDRHQS1hcW5HVFZhV2MzRmhqVXJlQkZQcUpLa3F2RHN2d3QzeGM1R0FPYUpaMnhrUHZNcEhNVVpMTWd0ZFpTaW5rSkI1RGRwMzNGRzhHSWpCQ05wSUw5ZUZ2ajltOUFhRUh5SDl6VkJURl9sV2FZRXh0cEV4VXdId3RsNUJEWVB1X3o4R3F0ZHJycmxYZWVPNlN4NlV2bUMwejZsYWxzdVZvVFR0NS1F?oc=5\" target=\"_blank\" rel=\"nofollow noopener\">Quando estreia a nova temporada de &#8220;Ilhados com a Sogra&#8221;? Conhe\u00e7a os participantes<\/a>&nbsp;&nbsp;GZH<\/li>\n<li><a href=\"https:\/\/news.google.com\/rss\/articles\/CBMinwFBVV95cUxNQ1JlNVpRYWEzUEwwc2VveVV5QVFNNjVMTEVjOGM2UWdnc21GNE9qb2NxVnVIQURVeFRyZm45NE43cFYwbnFQMWltd21xSW5SV2M0UWFOX1hhMlhiUmdSVjQzQWtVT0RhZVhyT0Z3a2tqTzBhWXZfbDVWTGFLUmdFMHhCWGJwWEVKYm10QWNJc2FQUzFodG92Q0p3NlQ1ckE?oc=5\" target=\"_blank\" rel=\"nofollow noopener\">Confeiteiro de Amp\u00e9re est\u00e1 em reality da Netflix<\/a>&nbsp;&nbsp;Portal de Beltr\u00e3o<\/li>\n<li><a href=\"https:\/\/news.google.com\/rss\/articles\/CBMiggFBVV95cUxNQUhMaDdJQmhkVjVlQXM1WmdpU3EwWmowM184UGNtaEZsQmZaQlU0d29Qa05zcE5RVXF0bHdqeExla1FsX3llbmlsbllHTzExQ1ppbGFHZ3ByeXhKa2FKNndoUUVSbGZ6UlJuOFFKTjJZdXZpa2dxNENFRjNFeXNCUmln0gGHAUFVX3lxTE1pWUw4TzBBamw4VVRrTjBaTUNpVlFlMkdFRlBwOVVKRWV3UHNNdXBabTJmU2ZhRmJCc2lZY2ZxR0FFSzhraTRsUW1NcnRNQzd5X2htQktLZ0NQUU8zLWFtNUdxTlB1d2lWTTJDNDRsSFhJZnNJOUlvVWNHcVFZRFV2bEZTeWV1dw?oc=5\" target=\"_blank\" rel=\"nofollow noopener\">Ilhados com a Sogra | Terceira temporada ganha trailer, assista<\/a>&nbsp;&nbsp;Omelete<\/li>\n<li><a href=\"https:\/\/news.google.com\/rss\/articles\/CBMiugFBVV95cUxNMWQxNld6aXlLZEh5eXU0Nnd2eUQ3aHZuSGZTNGoyUVJkOTN3bXMtbE4zOUtLRDhYYUNlQzZPZ0x1R0hVRFlYd3lKVmNtQ2hEQzNsbDM2ak5odlBtOVY2dndQcm5KWVNRT3FPMjhpMzNDRWZSTjMyVldzNkw4eWxFYUtYSVdKcWdfNVRxN01WcFBIa3JIRkZINURRYkxJZnIzVUR0UVpvVmJfVmh4NGZROWRiNGE4UFQ2Qmc?oc=5\" target=\"_blank\" rel=\"nofollow noopener\">Nova temporada de Ilhados com a Sogra aposta em outra fam\u00edlia de Santos para disputa<\/a>&nbsp;&nbsp;Di\u00e1rio do Litoral<\/li>\n<li><a href=\"https:\/\/news.google.com\/rss\/articles\/CBMilgFBVV95cUxOeGs1NXFDU2JXVDA4ZnlabmszLTF6Vmk2aXpzcUZXT0ZJYnlCR2tMOUFnaTFEZldOMFV1R2ZiMnN3dXZlbnpKZFpGTjM4MmxJTl9DdFNkNy1hRUQ5X3lXQzBUU0FKVkZQcElha2hKSzl6QVdPczdDLTE3WDgyTmV4TEl0ZXVYcVFBLTJWS1VJOEpmNzRrWUE?oc=5\" target=\"_blank\" rel=\"nofollow noopener\">Fam\u00edlia Cruz representa Santos no Ilhados com a Sogra 3<\/a>&nbsp;&nbsp;Boqnews<\/li>\n<\/ol>\n","protected":false},"excerpt":{"rendered":"Quando estreia a nova temporada de &#8220;Ilhados com a Sogra&#8221;? Conhe\u00e7a os participantes&nbsp;&nbsp;GZH Confeiteiro de Amp\u00e9re est\u00e1 em&hellip;\n","protected":false},"author":2,"featured_media":165660,"comment_status":"","ping_status":"","sticky":false,"template":"","format":"standard","meta":{"footnotes":""},"categories":[142],"tags":[114,115,32,33,1014,151],"class_list":{"0":"post-165659","1":"post","2":"type-post","3":"status-publish","4":"format-standard","5":"has-post-thumbnail","7":"category-tv","8":"tag-entertainment","9":"tag-entretenimento","10":"tag-portugal","11":"tag-pt","12":"tag-reality-show","13":"tag-tv"},"share_on_mastodon":{"url":"https:\/\/pubeurope.com\/@pt\/115615590199561592","error":""},"_links":{"self":[{"href":"https:\/\/www.europesays.com\/pt\/wp-json\/wp\/v2\/posts\/165659","targetHints":{"allow":["GET"]}}],"collection":[{"href":"https:\/\/www.europesays.com\/pt\/wp-json\/wp\/v2\/posts"}],"about":[{"href":"https:\/\/www.europesays.com\/pt\/wp-json\/wp\/v2\/types\/post"}],"author":[{"embeddable":true,"href":"https:\/\/www.europesays.com\/pt\/wp-json\/wp\/v2\/users\/2"}],"replies":[{"embeddable":true,"href":"https:\/\/www.europesays.com\/pt\/wp-json\/wp\/v2\/comments?post=165659"}],"version-history":[{"count":0,"href":"https:\/\/www.europesays.com\/pt\/wp-json\/wp\/v2\/posts\/165659\/revisions"}],"wp:featuredmedia":[{"embeddable":true,"href":"https:\/\/www.europesays.com\/pt\/wp-json\/wp\/v2\/media\/165660"}],"wp:attachment":[{"href":"https:\/\/www.europesays.com\/pt\/wp-json\/wp\/v2\/media?parent=165659"}],"wp:term":[{"taxonomy":"category","embeddable":true,"href":"https:\/\/www.europesays.com\/pt\/wp-json\/wp\/v2\/categories?post=165659"},{"taxonomy":"post_tag","embeddable":true,"href":"https:\/\/www.europesays.com\/pt\/wp-json\/wp\/v2\/tags?post=165659"}],"curies":[{"name":"wp","href":"https:\/\/api.w.org\/{rel}","templated":true}]}}