{"id":165676,"date":"2025-11-26T11:04:08","date_gmt":"2025-11-26T11:04:08","guid":{"rendered":"https:\/\/www.europesays.com\/pt\/165676\/"},"modified":"2025-11-26T11:04:08","modified_gmt":"2025-11-26T11:04:08","slug":"vem-ai-o-maior-eclipse-solar-do-seculo-e-sera-visivel-em-portugal-neste-dia","status":"publish","type":"post","link":"https:\/\/www.europesays.com\/pt\/165676\/","title":{"rendered":"Vem a\u00ed o maior eclipse solar do s\u00e9culo e ser\u00e1 vis\u00edvel em Portugal neste dia"},"content":{"rendered":"<p><strong>O mundo prepara-se para um eclipse solar raro e Portugal ser\u00e1 um dos pa\u00edses onde o fen\u00f3meno poder\u00e1 ser acompanhado. O fen\u00f3meno ocorrer\u00e1 a 2 de agosto de 2027 e promete um dos per\u00edodos de escurid\u00e3o mais longos registados no s\u00e9culo, segundo o jornal online A Verdade.<\/strong><\/p>\n<p>Em Portugal, a visibilidade deste eclipse solar ser\u00e1 apenas parcial, mas ainda assim permitir\u00e1 observar um alinhamento raro entre o Sol, a Lua e a Terra. No sul do pa\u00eds, cidades como Faro, Beja e \u00c9vora dever\u00e3o reunir as melhores condi\u00e7\u00f5es para acompanhar o fen\u00f3meno com maior clareza, caso o estado do tempo o permita.<\/p>\n<p>As estimativas apontam para o in\u00edcio do eclipse parcial por volta das 08h40. O momento de maior cobertura dever\u00e1 ocorrer entre as 09h44 e as 10h00, variando ligeiramente consoante a localiza\u00e7\u00e3o. O fen\u00f3meno dever\u00e1 terminar cerca das 10h55.<\/p>\n<p class=\"has-medium-font-size\"><strong>Um eclipse com dura\u00e7\u00e3o excecional<\/strong><\/p>\n<p>O per\u00edodo de escurid\u00e3o total poder\u00e1 atingir seis minutos e vinte e tr\u00eas segundos, uma dura\u00e7\u00e3o invulgarmente longa quando comparada com a m\u00e9dia de tr\u00eas minutos habitual nos eclipses solares totais. De acordo com a mesma fonte, esta particularidade resulta de uma combina\u00e7\u00e3o rara de fatores astron\u00f3micos.<\/p>\n<p>A Terra estar\u00e1 no af\u00e9lio, o ponto mais afastado do Sol, o que faz com que o disco solar aparente seja menor. Ao mesmo tempo, a Lua estar\u00e1 no ponto mais pr\u00f3ximo da Terra, o que a far\u00e1 parecer maior e capaz de ocultar o Sol de forma mais completa. A trajet\u00f3ria do eclipse junto ao equador far\u00e1 ainda com que a sombra lunar se desloque mais lentamente, prolongando o per\u00edodo de escurid\u00e3o.<\/p>\n<p class=\"has-medium-font-size\"><strong>Onde o eclipse ser\u00e1 total<\/strong><\/p>\n<p>A faixa de totalidade atravessar\u00e1 v\u00e1rias regi\u00f5es, incluindo zonas do sul de Espanha. Cidades como C\u00e1diz, Sevilha e M\u00e1laga est\u00e3o dentro da trajet\u00f3ria onde a escurid\u00e3o ser\u00e1 completa. Para quem pretender assistir ao fen\u00f3meno na sua forma mais intensa, esta poder\u00e1 ser a op\u00e7\u00e3o mais acess\u00edvel.<\/p>\n<p>O percurso da sombra seguir\u00e1 depois para o norte de Marrocos, Arg\u00e9lia, Tun\u00edsia, L\u00edbia, Egito e Sud\u00e3o. Mais a leste, o eclipse avan\u00e7ar\u00e1 para partes da Ar\u00e1bia Saudita, passando pelo I\u00e9men e pela Som\u00e1lia, terminando posteriormente sobre o oceano \u00cdndico, na \u00e1rea pr\u00f3xima do arquip\u00e9lago de Chagos.<\/p>\n<p class=\"has-medium-font-size\"><strong>Seguran\u00e7a durante a observa\u00e7\u00e3o<\/strong><\/p>\n<p>De acordo com o jornal <a href=\"https:\/\/averdade.com\" target=\"_blank\" rel=\"noreferrer noopener nofollow\">A Verdade<\/a>, nunca se deve olhar diretamente para o Sol sem prote\u00e7\u00e3o adequada, mesmo durante a fase parcial. Apenas \u00f3culos pr\u00f3prios para observa\u00e7\u00e3o solar garantem a filtragem necess\u00e1ria da radia\u00e7\u00e3o.<\/p>\n<p>A meteorologia ser\u00e1 determinante para uma boa observa\u00e7\u00e3o, pelo que ser\u00e1 importante acompanhar as previs\u00f5es nos dias anteriores. Aplica\u00e7\u00f5es astron\u00f3micas como Sky Map ou Stellarium podem ajudar a localizar o Sol e a seguir a evolu\u00e7\u00e3o do eclipse em tempo real.<\/p>\n<p class=\"has-medium-font-size\"><strong>Uma oportunidade para milh\u00f5es<\/strong><\/p>\n<p>A expectativa em torno deste eclipse tem crescido entre astr\u00f3nomos, investigadores e entusiastas. A conjuga\u00e7\u00e3o de fatores que prolongar\u00e1 a escurid\u00e3o total torna o fen\u00f3meno particularmente raro, algo que s\u00f3 dever\u00e1 repetir-se v\u00e1rias d\u00e9cadas depois.<\/p>\n<p>Para quem tiver disponibilidade, uma desloca\u00e7\u00e3o ao sul de Espanha poder\u00e1 oferecer a experi\u00eancia completa de um eclipse total. Para quem permanecer em Portugal, o alinhamento ainda assim proporcionar\u00e1 um momento considerado marcante pela comunidade cient\u00edfica.<\/p>\n<p><strong>Leia tamb\u00e9m: <a href=\"https:\/\/postal.pt\/nacional\/bom-tempo-em-portugal-tem-os-dias-contados-vem-ai-chuva-a-potes-a-partir-destas-datas-e-estao-serao-as-regioes-afetadas\/\" rel=\"nofollow noopener\" target=\"_blank\">Vem a\u00ed chuva \u2018a potes\u2019: bom tempo em Portugal tem os \u2018dias contados\u2019 a partir desta data e estas ser\u00e3o as regi\u00f5es afetadas<\/a><\/strong> <\/p>\n","protected":false},"excerpt":{"rendered":"O mundo prepara-se para um eclipse solar raro e Portugal ser\u00e1 um dos pa\u00edses onde o fen\u00f3meno poder\u00e1&hellip;\n","protected":false},"author":2,"featured_media":165677,"comment_status":"","ping_status":"","sticky":false,"template":"","format":"standard","meta":{"footnotes":""},"categories":[84],"tags":[109,107,108,32,33,105,103,104,106,110],"class_list":{"0":"post-165676","1":"post","2":"type-post","3":"status-publish","4":"format-standard","5":"has-post-thumbnail","7":"category-ciencia-e-tecnologia","8":"tag-ciencia","9":"tag-ciencia-e-tecnologia","10":"tag-cienciaetecnologia","11":"tag-portugal","12":"tag-pt","13":"tag-science","14":"tag-science-and-technology","15":"tag-scienceandtechnology","16":"tag-technology","17":"tag-tecnologia"},"share_on_mastodon":{"url":"https:\/\/pubeurope.com\/@pt\/115615672742987113","error":""},"_links":{"self":[{"href":"https:\/\/www.europesays.com\/pt\/wp-json\/wp\/v2\/posts\/165676","targetHints":{"allow":["GET"]}}],"collection":[{"href":"https:\/\/www.europesays.com\/pt\/wp-json\/wp\/v2\/posts"}],"about":[{"href":"https:\/\/www.europesays.com\/pt\/wp-json\/wp\/v2\/types\/post"}],"author":[{"embeddable":true,"href":"https:\/\/www.europesays.com\/pt\/wp-json\/wp\/v2\/users\/2"}],"replies":[{"embeddable":true,"href":"https:\/\/www.europesays.com\/pt\/wp-json\/wp\/v2\/comments?post=165676"}],"version-history":[{"count":0,"href":"https:\/\/www.europesays.com\/pt\/wp-json\/wp\/v2\/posts\/165676\/revisions"}],"wp:featuredmedia":[{"embeddable":true,"href":"https:\/\/www.europesays.com\/pt\/wp-json\/wp\/v2\/media\/165677"}],"wp:attachment":[{"href":"https:\/\/www.europesays.com\/pt\/wp-json\/wp\/v2\/media?parent=165676"}],"wp:term":[{"taxonomy":"category","embeddable":true,"href":"https:\/\/www.europesays.com\/pt\/wp-json\/wp\/v2\/categories?post=165676"},{"taxonomy":"post_tag","embeddable":true,"href":"https:\/\/www.europesays.com\/pt\/wp-json\/wp\/v2\/tags?post=165676"}],"curies":[{"name":"wp","href":"https:\/\/api.w.org\/{rel}","templated":true}]}}