{"id":165711,"date":"2025-11-26T11:46:09","date_gmt":"2025-11-26T11:46:09","guid":{"rendered":"https:\/\/www.europesays.com\/pt\/165711\/"},"modified":"2025-11-26T11:46:09","modified_gmt":"2025-11-26T11:46:09","slug":"ines-morais-rasga-dylan-e-um-miudo-mimado-esteve-no-sofa-o-programa-inteiro-a-fumar-cigarros-e-a-secret-story","status":"publish","type":"post","link":"https:\/\/www.europesays.com\/pt\/165711\/","title":{"rendered":"In\u00eas Morais &#8216;rasga&#8217; Dylan: \u00ab\u00c9 um mi\u00fado mimado (&#8230;) Esteve no sof\u00e1 o programa inteiro a fumar cigarros e a&#8230;\u00bb &#8211; Secret Story"},"content":{"rendered":"<p>No Extra do Secret Story, vemos as imagens de quando Dylan reuniu ontem o grupo, antes do Especial, e fez um an\u00fancio especial. Nisto, Bruna interviu e criticou Leandro. Em est\u00fadio, In\u00eas Morais lan\u00e7a fortes cr\u00edticas a Dylan.\u00a0<\/p>\n<p><a href=\"https:\/\/tvi.iol.pt\/secretstory\/bruno\/desistencia\/bruno-desiste-do-secret-story-9-apos-sancao-da-voz-e-deixa-colegas-em-choque\" rel=\"nofollow noopener\" target=\"_blank\">Bruno desiste do Secret Story 9 ap\u00f3s san\u00e7\u00e3o da Voz e deixa colegas em choque &#8211; Secret Story &#8211; TVI<\/a><\/p>\n<p><strong>Esta semana, h\u00e1 quatro concorrentes em risco de expuls\u00e3o j\u00e1 no pr\u00f3ximo domingo.<\/strong><\/p>\n<p>Vota\u00e7\u00e3o para salvar:<br \/>DYLAN \u2013 761 20 20 07<br \/>F\u00c1BIO \u2013 761 20 20 08<br \/>IN\u00caS \u2013 761 20 20 10<\/p>\n<p><a href=\"https:\/\/tvi.iol.pt\/secretstory\/aominuto\" rel=\"nofollow noopener\" target=\"_blank\">Acompanhe aqui tudo o que se passa no Secret Story 9!<\/a><\/p>\n","protected":false},"excerpt":{"rendered":"No Extra do Secret Story, vemos as imagens de quando Dylan reuniu ontem o grupo, antes do Especial,&hellip;\n","protected":false},"author":2,"featured_media":165712,"comment_status":"","ping_status":"","sticky":false,"template":"","format":"standard","meta":{"footnotes":""},"categories":[142],"tags":[19230,19231,114,115,19229,32,33,151],"class_list":{"0":"post-165711","1":"post","2":"type-post","3":"status-publish","4":"format-standard","5":"has-post-thumbnail","7":"category-tv","8":"tag-analises-tvi","9":"tag-debates-casa-dos-segredos","10":"tag-entertainment","11":"tag-entretenimento","12":"tag-opiniao-comentadores","13":"tag-portugal","14":"tag-pt","15":"tag-tv"},"share_on_mastodon":{"url":"https:\/\/pubeurope.com\/@pt\/115615838145831255","error":""},"_links":{"self":[{"href":"https:\/\/www.europesays.com\/pt\/wp-json\/wp\/v2\/posts\/165711","targetHints":{"allow":["GET"]}}],"collection":[{"href":"https:\/\/www.europesays.com\/pt\/wp-json\/wp\/v2\/posts"}],"about":[{"href":"https:\/\/www.europesays.com\/pt\/wp-json\/wp\/v2\/types\/post"}],"author":[{"embeddable":true,"href":"https:\/\/www.europesays.com\/pt\/wp-json\/wp\/v2\/users\/2"}],"replies":[{"embeddable":true,"href":"https:\/\/www.europesays.com\/pt\/wp-json\/wp\/v2\/comments?post=165711"}],"version-history":[{"count":0,"href":"https:\/\/www.europesays.com\/pt\/wp-json\/wp\/v2\/posts\/165711\/revisions"}],"wp:featuredmedia":[{"embeddable":true,"href":"https:\/\/www.europesays.com\/pt\/wp-json\/wp\/v2\/media\/165712"}],"wp:attachment":[{"href":"https:\/\/www.europesays.com\/pt\/wp-json\/wp\/v2\/media?parent=165711"}],"wp:term":[{"taxonomy":"category","embeddable":true,"href":"https:\/\/www.europesays.com\/pt\/wp-json\/wp\/v2\/categories?post=165711"},{"taxonomy":"post_tag","embeddable":true,"href":"https:\/\/www.europesays.com\/pt\/wp-json\/wp\/v2\/tags?post=165711"}],"curies":[{"name":"wp","href":"https:\/\/api.w.org\/{rel}","templated":true}]}}