{"id":165717,"date":"2025-11-26T11:49:25","date_gmt":"2025-11-26T11:49:25","guid":{"rendered":"https:\/\/www.europesays.com\/pt\/165717\/"},"modified":"2025-11-26T11:49:25","modified_gmt":"2025-11-26T11:49:25","slug":"champions-asiatica-cancelo-e-marcos-leonardo-brilham-na-goleada-do-al-hilal","status":"publish","type":"post","link":"https:\/\/www.europesays.com\/pt\/165717\/","title":{"rendered":"Champions asi\u00e1tica: Cancelo e Marcos Leonardo brilham na goleada do Al Hilal"},"content":{"rendered":"<p style=\"margin-bottom:11px\">O Al Hilal segue impar\u00e1vel na Champions da \u00c1sia e, nesta ter\u00e7a-feira, alcan\u00e7ou a quinta vit\u00f3ria em cinco poss\u00edveis, desta feita na rece\u00e7\u00e3o ao Al Shorta, do Iraque (4-0). Enquanto Jo\u00e3o Cancelo e Marcos Leonardo foram titulares, Darwin N\u00fa\u00f1ez foi aposta na segunda parte e R\u00faben Neves n\u00e3o saiu do banco.<\/p>\n<p>O marcador foi inaugurado em cima do intervalo, ao minuto 45, por Marcos Leonardo. Na etapa complementar, o lateral Alwan desfalcou o Al Shorta, vendo o cart\u00e3o vermelho aos 61 minutos. Tr\u00eas minutos volvidos, Jo\u00e3o Cancelo assistiu Milinkovic-Savic para o 2-0.<\/p>\n<p>Entre trocas, Marcos Leonardo bisou aos 72 minutos. O avan\u00e7ado ex-Benfica leva 10 golos em 12 jogos, tr\u00eas dos quais na Champions asi\u00e1tica. Por fim, Jo\u00e3o Cancelo estreou-se a marcar pelo Al Hilal nesta \u00e9poca aos 90+3 minutos.<\/p>\n<p>Assim, o Al Hilal leva 15 pontos, na lideran\u00e7a do Grupo Oeste da Champions. No calend\u00e1rio desta prova segue-se a visita aos Emirados \u00c1rabes Unidos e ao Al Sharjah (7.\u00ba), a 22 de dezembro.<\/p>\n<p>Quanto ao Al Shorta, segue no 11.\u00ba lugar com um ponto, a cinco da zona de qualifica\u00e7\u00e3o para os \u201coitavos\u201d.<\/p>\n<blockquote class=\"twitter-tweet\">\n<p lang=\"en\">\ud835\uddd9\ud835\udde7 | \ud83c\uddf8\ud83c\udde6 Al Hilal 4\ufe0f\u20e3-0\ufe0f\u20e3 Al Shorta \ud83c\uddee\ud83c\uddf6<br \/>\u00a0<\/p>\n<p>A dominant showing in Riyadh for Al Hilal who make it five wins from five \u26a1<a href=\"https:\/\/twitter.com\/hashtag\/ACLElite?src=hash&amp;ref_src=twsrc%5Etfw\" rel=\"nofollow noopener\" target=\"_blank\">#ACLElite<\/a> | <a href=\"https:\/\/twitter.com\/hashtag\/HILvSHO?src=hash&amp;ref_src=twsrc%5Etfw\" rel=\"nofollow noopener\" target=\"_blank\">#HILvSHO<\/a> <a href=\"https:\/\/t.co\/ZfB2ODaOgf\" rel=\"nofollow\">pic.twitter.com\/ZfB2ODaOgf<\/a><\/p>\n<p>\u00a0<\/p>\n<p> \u2014 #ACLElite | #ACLTwo (@TheAFCCL)<br \/>\n  <a href=\"https:\/\/twitter.com\/TheAFCCL\/status\/1993415370514776407?ref_src=twsrc%5Etfw\" rel=\"nofollow noopener\" target=\"_blank\">November 25, 2025<\/a>\n <\/p><\/blockquote>\n<p>Noutra partida desta ter\u00e7a-feira, o Al Wahda, dos Emirados e treinado por Jos\u00e9 Morais, venceu na rece\u00e7\u00e3o ao Al Sadd, do Qatar e orientado por Roberto Mancini (3-1). Nos anfitri\u00f5es, o lateral R\u00faben Amaral (ex-FC Porto) foi titular, enquanto Bernardo Folha (ex-FC Porto) e Guga (ex-Portimonense) n\u00e3o sa\u00edram do banco.<\/p>\n<p>Nos visitantes, o avan\u00e7ado M\u00fajica (ex-Arouca) saiu do banco ao minuto 33, para render o lesionado Roberto Firmino (ex-Liverpool).<\/p>\n<p>Ainda que o m\u00e9dio ofensivo Claudinho tenha inaugurado o marcador de pen\u00e1lti aos 45+3 minutos, a favor do Al Sadd, o m\u00e9dio Tadic rep\u00f4s a igualdade aos 55 minutos. Pouco depois, aos 66m, o s\u00e9rvio bisou. Por \u00faltimo, Tadic assistiu o avan\u00e7ado Caio Canedo para o 3-1 aos 87 minutos.<\/p>\n<p>Assim, o Al Wahda de Jos\u00e9 Morais segue no segundo lugar do Grupo Oeste. Ou seja, na persegui\u00e7\u00e3o ao Al Hilal, com 13 pontos. Segue-se a visita ao Qatar e ao Al Gharafa de Pedro Martins (9.\u00ba), a 22 de dezembro. Por sua vez, o Al Sadd \u00e9 10.\u00ba, com dois pontos, a quatro dos lugares de apuramento para os \u201coitavos\u201d.<\/p>\n<p>                                <script async src=\"https:\/\/platform.twitter.com\/widgets.js\" charset=\"utf-8\"><\/script><\/p>\n","protected":false},"excerpt":{"rendered":"O Al Hilal segue impar\u00e1vel na Champions da \u00c1sia e, nesta ter\u00e7a-feira, alcan\u00e7ou a quinta vit\u00f3ria em cinco&hellip;\n","protected":false},"author":2,"featured_media":165718,"comment_status":"","ping_status":"","sticky":false,"template":"","format":"standard","meta":{"footnotes":""},"categories":[87],"tags":[5406,35021,35018,35020,1145,367,34833,7265,135,5698,82,21168,35019,436,46,17959,32,33,47,6081,4219,527,5434,5920,35022,134],"class_list":{"0":"post-165717","1":"post","2":"type-post","3":"status-publish","4":"format-standard","5":"has-post-thumbnail","7":"category-desporto","8":"tag-al-hilal","9":"tag-al-sadd","10":"tag-al-shorta","11":"tag-al-wahda","12":"tag-arabia-saudita","13":"tag-asia","14":"tag-champions-asia","15":"tag-darwin-nunez","16":"tag-desporto","17":"tag-emirados-arabes-unidos","18":"tag-internacional","19":"tag-joao-cancelo","20":"tag-jose-morais","21":"tag-made-in","22":"tag-maisfutebol","23":"tag-marcos-leonardo","24":"tag-portugal","25":"tag-pt","26":"tag-pura-paixao","27":"tag-resultado","28":"tag-resultado-final","29":"tag-resultados","30":"tag-resultados-hoje","31":"tag-resultados-maisfutebol","32":"tag-ruben-amaral","33":"tag-sports"},"share_on_mastodon":{"url":"https:\/\/pubeurope.com\/@pt\/115615849678624888","error":""},"_links":{"self":[{"href":"https:\/\/www.europesays.com\/pt\/wp-json\/wp\/v2\/posts\/165717","targetHints":{"allow":["GET"]}}],"collection":[{"href":"https:\/\/www.europesays.com\/pt\/wp-json\/wp\/v2\/posts"}],"about":[{"href":"https:\/\/www.europesays.com\/pt\/wp-json\/wp\/v2\/types\/post"}],"author":[{"embeddable":true,"href":"https:\/\/www.europesays.com\/pt\/wp-json\/wp\/v2\/users\/2"}],"replies":[{"embeddable":true,"href":"https:\/\/www.europesays.com\/pt\/wp-json\/wp\/v2\/comments?post=165717"}],"version-history":[{"count":0,"href":"https:\/\/www.europesays.com\/pt\/wp-json\/wp\/v2\/posts\/165717\/revisions"}],"wp:featuredmedia":[{"embeddable":true,"href":"https:\/\/www.europesays.com\/pt\/wp-json\/wp\/v2\/media\/165718"}],"wp:attachment":[{"href":"https:\/\/www.europesays.com\/pt\/wp-json\/wp\/v2\/media?parent=165717"}],"wp:term":[{"taxonomy":"category","embeddable":true,"href":"https:\/\/www.europesays.com\/pt\/wp-json\/wp\/v2\/categories?post=165717"},{"taxonomy":"post_tag","embeddable":true,"href":"https:\/\/www.europesays.com\/pt\/wp-json\/wp\/v2\/tags?post=165717"}],"curies":[{"name":"wp","href":"https:\/\/api.w.org\/{rel}","templated":true}]}}