{"id":165723,"date":"2025-11-26T11:54:10","date_gmt":"2025-11-26T11:54:10","guid":{"rendered":"https:\/\/www.europesays.com\/pt\/165723\/"},"modified":"2025-11-26T11:54:10","modified_gmt":"2025-11-26T11:54:10","slug":"filha-de-zuma-acusada-de-recrutar-combatentes-para-a-russia-observador","status":"publish","type":"post","link":"https:\/\/www.europesays.com\/pt\/165723\/","title":{"rendered":"Filha de Zuma acusada de recrutar combatentes para a R\u00fassia \u2013 Observador"},"content":{"rendered":"<p>Duduzile Zuma-Sambudla, filha do ex-Presidente sul-africano Jacob Zuma, est\u00e1 a ser acusada pela meia-irm\u00e3, Nkosazana Zuma-Mncube, de ter enganado v\u00e1rios homens sul-africanos para a combater pela R\u00fassia na Ucr\u00e2nia, alegando que iam apenas receber treino. Duduzile nega tudo e diz ter sido burlada por um outro recrutador.<\/p>\n<p>Zuma-Mncube, num comunicado citado pela imprensa sul-africana, acusa a meia-irm\u00e3 e duas outras pessoas de atra\u00edrem \u201c<strong>os homens para a R\u00fassia sob falsos pretextos\u201d<\/strong> e entregarem-nos \u201ca um grupo mercen\u00e1rio russo sem o seu conhecimento ou consentimento\u201d. \u201cEntre estes 17 homens, que est\u00e3o a pedir assist\u00eancia ao governo sul-africano, <strong>est\u00e3o oito familiares meus<\/strong>\u201c, acrescentou aquela \u00e9 a primog\u00e9nita de Zuma.<\/p>\n<p>Duduzile Zuma-Sambudla \u00e9 deputada na Assembleia Nacional sul-africana, eleita pelo partido do seu pai, o uMkhonto weSizwe, uma cis\u00e3o do Congresso Nacional Africano que governa o pa\u00eds desde o fim do apartheid.\u00a0O caso est\u00e1 agora a ser investigado pela pol\u00edcia sul-africana, <a href=\"https:\/\/www.dw.com\/en\/south-african-police-probe-links-between-zumas-daughter-and-ukraine-war\/a-74856244\" rel=\"nofollow noopener\" target=\"_blank\">confirmou a televis\u00e3o DW.<\/a><\/p>\n<p>No in\u00edcio deste m\u00eas, o gabinete do Presidente sul-africano,\u00a0Cyril Ramaphosa, confirmou que tinha recebido \u201cpedidos de socorro para regressar a casa por parte de 17 homens sul-africanos, com idades compreendidas entre os 20 e os 39 anos, que est\u00e3o presos na regi\u00e3o de Donbass, devastada pela guerra\u201d. Ao <a href=\"https:\/\/www.news24.com\/southafrica\/news\/sa-men-sent-to-train-in-russia-recount-how-zuma-sambudla-gained-trust-abandoned-them-20251124-1254\" rel=\"nofollow noopener\" target=\"_blank\">News24<\/a>, v\u00e1rios homens relataram que Zuma-Sambudla os <strong>ter\u00e1 \u201cabandonado<\/strong>\u201d depois de os levar para l\u00e1.<\/p>\n<p>Em declara\u00e7\u00f5es \u00e0 pol\u00edcia citadas pelo jornal sul-africano Daily News, Duduzile negou todas as alega\u00e7\u00f5es e atirou outra carta para cima da mesa, dizendo que seria tamb\u00e9m ela uma v\u00edtima.<\/p>\n<p>Sambudla-Zuma garante que foi enganada por um contacto que se apresentava\u00a0como \u201cKhoza\u201d, que afirmava ser \u201cum cidad\u00e3o sul-africano residente na R\u00fassia e que teria liga\u00e7\u00f5es a um programa leg\u00edtimo de treino paramilitar\u201d no pa\u00eds.<\/p>\n<p>\u201cKhoza\u201d ter-lhe-\u00e1 garantido que conseguiria \u201cfacilitar o acesso a um programa de treino paramilitar legal, estruturado e n\u00e3o-combativo na R\u00fassia\u201d, tendo sido \u201cexpl\u00edcito e insistente no facto do <strong>programa ser leg\u00edtimo, n\u00e3o-combativo, baseado em compet\u00eancias, seguro e aberto a civis<\/strong>\u201c, que n\u00e3o seriam colocados numa zona de combate. A pr\u00f3pria ter-se-\u00e1 mesmo juntado ao programa e viajado para a R\u00fassia, onde recebeu um treino de <strong>um m\u00eas longe das linhas de combate<\/strong>, disse.<\/p>\n<p>\u201cA nossa intera\u00e7\u00e3o come\u00e7ou inteiramente porque ele me abordou, e n\u00e3o o contr\u00e1rio. Confiei nas informa\u00e7\u00f5es que ele forneceu de boa-f\u00e9, pois n\u00e3o tinha motivos, naquele momento, para suspeitar de fraude ou falsidade\u201d, sublinhou, afirmando que a sua experi\u00eancia a tinha feito acreditar que \u201co programa era legal e seguro\u201d.<a href=\"https:\/\/www.news24.com\/southafrica\/news\/sa-men-sent-to-train-in-russia-recount-how-zuma-sambudla-gained-trust-abandoned-them-20251124-1254\" rel=\"nofollow noopener\" target=\"_blank\"> \u201cMas tamb\u00e9m fui manipulada e usada para criar uma falsa impress\u00e3o de legitimidade<\/a>\u201c, alega.<\/p>\n<p>Ao todo, 22 pessoas\u00a0 foram para a R\u00fassia por sua \u201crecomenda\u00e7\u00e3o\u201d para participar nesse programa, \u201cincluindo membros da sua fam\u00edlia e parentes de amigos pr\u00f3ximos\u201d, l\u00ea-se na not\u00edcia.<\/p>\n<p>\u201cEssas pessoas chegaram aproximadamente uma semana depois da minha chegada. Partilhei informa\u00e7\u00f5es inocentemente e elas decidiram participar por vontade pr\u00f3pria; <strong>n\u00e3o persuadi, pressionei ou coagi nenhuma delas<\/strong>\u201c, escreveu Sambudla-Zuma, sublinhando que o facto de ter levado familiares seus a participar era \u201cprova clara\u201d do seu desconhecimento.<\/p>\n","protected":false},"excerpt":{"rendered":"Duduzile Zuma-Sambudla, filha do ex-Presidente sul-africano Jacob Zuma, est\u00e1 a ser acusada pela meia-irm\u00e3, Nkosazana Zuma-Mncube, de ter&hellip;\n","protected":false},"author":2,"featured_media":165724,"comment_status":"","ping_status":"","sticky":false,"template":"","format":"standard","meta":{"footnotes":""},"categories":[50],"tags":[27,28,445,15,16,1123,14,25,26,21,22,62,12,13,19,20,23,24,17,18,1064,35023,1124,29,30,31,63,64,65],"class_list":{"0":"post-165723","1":"post","2":"type-post","3":"status-publish","4":"format-standard","5":"has-post-thumbnail","7":"category-mundo","8":"tag-breaking-news","9":"tag-breakingnews","10":"tag-europa","11":"tag-featured-news","12":"tag-featurednews","13":"tag-guerra-na-ucru00e2nia","14":"tag-headlines","15":"tag-latest-news","16":"tag-latestnews","17":"tag-main-news","18":"tag-mainnews","19":"tag-mundo","20":"tag-news","21":"tag-noticias","22":"tag-noticias-principais","23":"tag-noticiasprincipais","24":"tag-principais-noticias","25":"tag-principaisnoticias","26":"tag-top-stories","27":"tag-topstories","28":"tag-u00c1frica","29":"tag-u00c1frica-do-sul","30":"tag-ucru00e2nia","31":"tag-ultimas","32":"tag-ultimas-noticias","33":"tag-ultimasnoticias","34":"tag-world","35":"tag-world-news","36":"tag-worldnews"},"share_on_mastodon":{"url":"https:\/\/pubeurope.com\/@pt\/115615869552957623","error":""},"_links":{"self":[{"href":"https:\/\/www.europesays.com\/pt\/wp-json\/wp\/v2\/posts\/165723","targetHints":{"allow":["GET"]}}],"collection":[{"href":"https:\/\/www.europesays.com\/pt\/wp-json\/wp\/v2\/posts"}],"about":[{"href":"https:\/\/www.europesays.com\/pt\/wp-json\/wp\/v2\/types\/post"}],"author":[{"embeddable":true,"href":"https:\/\/www.europesays.com\/pt\/wp-json\/wp\/v2\/users\/2"}],"replies":[{"embeddable":true,"href":"https:\/\/www.europesays.com\/pt\/wp-json\/wp\/v2\/comments?post=165723"}],"version-history":[{"count":0,"href":"https:\/\/www.europesays.com\/pt\/wp-json\/wp\/v2\/posts\/165723\/revisions"}],"wp:featuredmedia":[{"embeddable":true,"href":"https:\/\/www.europesays.com\/pt\/wp-json\/wp\/v2\/media\/165724"}],"wp:attachment":[{"href":"https:\/\/www.europesays.com\/pt\/wp-json\/wp\/v2\/media?parent=165723"}],"wp:term":[{"taxonomy":"category","embeddable":true,"href":"https:\/\/www.europesays.com\/pt\/wp-json\/wp\/v2\/categories?post=165723"},{"taxonomy":"post_tag","embeddable":true,"href":"https:\/\/www.europesays.com\/pt\/wp-json\/wp\/v2\/tags?post=165723"}],"curies":[{"name":"wp","href":"https:\/\/api.w.org\/{rel}","templated":true}]}}