{"id":165731,"date":"2025-11-26T11:58:12","date_gmt":"2025-11-26T11:58:12","guid":{"rendered":"https:\/\/www.europesays.com\/pt\/165731\/"},"modified":"2025-11-26T11:58:12","modified_gmt":"2025-11-26T11:58:12","slug":"rio-do-sul-divulga-vencedores-do-concurso-fotografico-ambiental-2025-radio-mirador","status":"publish","type":"post","link":"https:\/\/www.europesays.com\/pt\/165731\/","title":{"rendered":"Rio do Sul divulga vencedores do Concurso Fotogr\u00e1fico Ambiental 2025 \u2013 R\u00e1dio Mirador"},"content":{"rendered":"<p><b>Participe do grupo de informa\u00e7\u00f5es da Mirador FM no WhatsApp!  <a href=\"https:\/\/chat.whatsapp.com\/DTYeUqsIPiT8WltGe7Kf42\" target=\"_blank\" rel=\"noreferrer noopener nofollow\">Clique aqui<\/a> <\/b><\/p>\n<p>Cerim\u00f4nia premiou nove registros in\u00e9ditos que destacam fauna, flora e paisagens do Rio Itaja\u00ed e seus afluentes<\/p>\n<p>As melhores imagens do Concurso Fotogr\u00e1fico de Belezas Naturais do Alto Vale 2025 foram reveladas na noite de segunda-feira, durante a cerim\u00f4nia de premia\u00e7\u00e3o realizada na Funda\u00e7\u00e3o Cultural de Rio do Sul. Al\u00e9m da divulga\u00e7\u00e3o oficial, os autores das fotografias tamb\u00e9m receberam homenagens. Por meio de celulares, c\u00e2meras e drones, eles registraram diferentes perspectivas da fauna, da flora e das paisagens do Alto Vale do Itaja\u00ed.<\/p>\n<p>Voltado a fot\u00f3grafos amadores e restrito a imagens in\u00e9ditas, o concurso contou com 137 inscritos. As obras selecionadas est\u00e3o expostas na Galeria de Artes da Funda\u00e7\u00e3o Cultural e, em breve, integrar\u00e3o um circuito itinerante com as nove fotografias premiadas.<\/p>\n<p>Participaram do evento o prefeito Manoel Arisoli Pereira, o vice-prefeito Garibaldi Ant\u00f4nio Ayroso, o secret\u00e1rio de Agricultura e Meio Ambiente, Jo\u00e3o Batista Muller, al\u00e9m de convidados. Em seu pronunciamento, o prefeito destacou o desafio da comiss\u00e3o avaliadora. \u201cNossa regi\u00e3o possui belezas inigual\u00e1veis, que certamente valem o esfor\u00e7o de serem registradas\u201d, afirmou.<\/p>\n<p>A sele\u00e7\u00e3o dos vencedores ficou a cargo de uma comiss\u00e3o formada por profissionais das \u00e1reas ambiental e fotogr\u00e1fica, que adotaram crit\u00e9rios como criatividade, qualidade art\u00edstica e ader\u00eancia ao tema.<\/p>\n<p>Em sua quarta edi\u00e7\u00e3o, o concurso foi promovido pela Prefeitura de Rio do Sul, por meio da Secretaria de Agricultura e Meio Ambiente e da Funda\u00e7\u00e3o Cultural, em parceria com a Associa\u00e7\u00e3o Ambientalista Piment\u00e3o, o COMDEMA e com apoio da AMA, Disigual Pain\u00e9is, Foto Marzzal e Chal\u00e9 R\u00fastico Encanto.<\/p>\n<p><strong>Premia\u00e7\u00e3o<\/strong><\/p>\n<p>Os tr\u00eas primeiros colocados de cada categoria foram premiados.<\/p>\n<ul class=\"wp-block-list\">\n<li><strong>1\u00ba lugar:<\/strong> c\u00e2mera digital Canon PowerShot SX70 HS e amplia\u00e7\u00e3o emoldurada da foto vencedora.<\/li>\n<li><strong>2\u00ba lugar:<\/strong> duas di\u00e1rias para duas pessoas no Chal\u00e9 R\u00fastico Encanto, em Ibirama, e amplia\u00e7\u00e3o da imagem.<\/li>\n<li><strong>3\u00ba lugar:<\/strong> vaga em um curso de artes da Funda\u00e7\u00e3o Cultural de Rio do Sul para o primeiro semestre de 2026 e amplia\u00e7\u00e3o emoldurada da fotografia.<\/li>\n<\/ul>\n<p><strong>Vencedores<\/strong><\/p>\n<p><img loading=\"lazy\" decoding=\"async\" width=\"1024\" height=\"682\" src=\"https:\/\/www.europesays.com\/pt\/wp-content\/uploads\/2025\/11\/WhatsApp-Image-2025-11-25-at-15.51.00-1024x682.jpeg\" alt=\"\" class=\"wp-image-58030\"  \/><\/p>\n<p><strong>Categoria 1 \u2013 A fauna do Rio Itaja\u00ed e\/ou afluentes<\/strong><br \/>1\u00ba lugar: Jamile Ramos<br \/>2\u00ba lugar: Elisandra Dias Peiker<br \/>3\u00ba lugar: Vanessa Benedet Martins Dudezak<\/p>\n<p><img loading=\"lazy\" decoding=\"async\" width=\"1024\" height=\"682\" src=\"https:\/\/www.europesays.com\/pt\/wp-content\/uploads\/2025\/11\/WhatsApp-Image-2025-11-25-at-15.51.00-1-1024x682.jpeg\" alt=\"\" class=\"wp-image-58031\"  \/><\/p>\n<p><strong>Categoria 2 \u2013 A flora do Rio Itaja\u00ed e\/ou afluentes<\/strong><br \/>1\u00ba lugar: Brenda Cristina Jasper<br \/>2\u00ba lugar: Milena Schiestl<br \/>3\u00ba lugar: Taize dos Santos Batistti<\/p>\n<p><img loading=\"lazy\" decoding=\"async\" width=\"1024\" height=\"682\" src=\"https:\/\/www.europesays.com\/pt\/wp-content\/uploads\/2025\/11\/WhatsApp-Image-2025-11-25-at-15.51.00-2-1024x682.jpeg\" alt=\"\" class=\"wp-image-58032\"  \/><\/p>\n<p><strong>Categoria 3 \u2013 O Rio Itaja\u00ed e seus afluentes vistos de cima<\/strong><br \/>1\u00ba lugar: Marcio Rubem Maculan Salin<br \/>2\u00ba lugar: Cristian Stassun<br \/>3\u00ba lugar: Joice Ramos<\/p>\n<p class=\"has-small-font-size\">Fonte: Departamento de Comunica\u00e7\u00e3o \/ Prefeitura de Rio do Sul<\/p>\n","protected":false},"excerpt":{"rendered":"Participe do grupo de informa\u00e7\u00f5es da Mirador FM no WhatsApp! Clique aqui Cerim\u00f4nia premiou nove registros in\u00e9ditos que&hellip;\n","protected":false},"author":2,"featured_media":165732,"comment_status":"","ping_status":"","sticky":false,"template":"","format":"standard","meta":{"footnotes":""},"categories":[144],"tags":[207,205,206,203,201,202,204,114,115,32,33],"class_list":{"0":"post-165731","1":"post","2":"type-post","3":"status-publish","4":"format-standard","5":"has-post-thumbnail","7":"category-arte-e-design","8":"tag-arte","9":"tag-arte-e-design","10":"tag-artedesign","11":"tag-arts","12":"tag-arts-and-design","13":"tag-artsanddesign","14":"tag-design","15":"tag-entertainment","16":"tag-entretenimento","17":"tag-portugal","18":"tag-pt"},"share_on_mastodon":{"url":"","error":""},"_links":{"self":[{"href":"https:\/\/www.europesays.com\/pt\/wp-json\/wp\/v2\/posts\/165731","targetHints":{"allow":["GET"]}}],"collection":[{"href":"https:\/\/www.europesays.com\/pt\/wp-json\/wp\/v2\/posts"}],"about":[{"href":"https:\/\/www.europesays.com\/pt\/wp-json\/wp\/v2\/types\/post"}],"author":[{"embeddable":true,"href":"https:\/\/www.europesays.com\/pt\/wp-json\/wp\/v2\/users\/2"}],"replies":[{"embeddable":true,"href":"https:\/\/www.europesays.com\/pt\/wp-json\/wp\/v2\/comments?post=165731"}],"version-history":[{"count":0,"href":"https:\/\/www.europesays.com\/pt\/wp-json\/wp\/v2\/posts\/165731\/revisions"}],"wp:featuredmedia":[{"embeddable":true,"href":"https:\/\/www.europesays.com\/pt\/wp-json\/wp\/v2\/media\/165732"}],"wp:attachment":[{"href":"https:\/\/www.europesays.com\/pt\/wp-json\/wp\/v2\/media?parent=165731"}],"wp:term":[{"taxonomy":"category","embeddable":true,"href":"https:\/\/www.europesays.com\/pt\/wp-json\/wp\/v2\/categories?post=165731"},{"taxonomy":"post_tag","embeddable":true,"href":"https:\/\/www.europesays.com\/pt\/wp-json\/wp\/v2\/tags?post=165731"}],"curies":[{"name":"wp","href":"https:\/\/api.w.org\/{rel}","templated":true}]}}