{"id":165762,"date":"2025-11-26T12:23:03","date_gmt":"2025-11-26T12:23:03","guid":{"rendered":"https:\/\/www.europesays.com\/pt\/165762\/"},"modified":"2025-11-26T12:23:03","modified_gmt":"2025-11-26T12:23:03","slug":"pra-que-servem-remedios-que-bolsonaro-tomava","status":"publish","type":"post","link":"https:\/\/www.europesays.com\/pt\/165762\/","title":{"rendered":"pra que servem rem\u00e9dios que Bolsonaro tomava"},"content":{"rendered":"<p class=\"bullet mt-0\" data-v-232111b4=\"\">De acordo com a m\u00e9dica, os medicamentos normalmente n\u00e3o desencadeiam surtos psic\u00f3ticos:<\/p>\n<p class=\"bullet\" data-v-232111b4=\"\">&#8220;Um surto psic\u00f3tico n\u00e3o \u00e9 uma consequ\u00eancia t\u00edpica dessa combina\u00e7\u00e3o medicamentosa. Entretanto, indiv\u00edduos com maior vulnerabilidade pr\u00e9via podem apresentar epis\u00f3dios de acelera\u00e7\u00e3o ps\u00edquica que gerem sintomas psic\u00f3ticos durante o uso de antidepressivos como a sertralina. Em casos raros, pessoas predispostas podem ter alguma altera\u00e7\u00e3o da sensopercep\u00e7\u00e3o com doses altas de pregabalina, mas isso n\u00e3o caracteriza um quadro psic\u00f3tico cl\u00e1ssico&#8221;, finaliza.<\/p>\n<p>M\u00e9dicos de Bolsonaro suspendem medica\u00e7\u00e3o<\/p>\n<p class=\"bullet\" data-v-232111b4=\"\">A equipe m\u00e9dica de Jair Bolsonaro (PL) informou que o medicamento que teria causado quadro de confus\u00e3o mental no ex-presidente foi suspenso. No boletim assinado pelo cirurgi\u00e3o geral Claudio Birolini e pelo cardiologista Leandro Echenique, a medica\u00e7\u00e3o foi receitada por outra m\u00e9dica, com o objetivo de otimizar o tratamento, por\u00e9m sem o conhecimento ou consentimento da equipe.<\/p>\n<p class=\"bullet\" data-v-232111b4=\"\">&#8220;Esse medicamento apresenta importante intera\u00e7\u00e3o com os medicamentos que ele utiliza regularmente para tratamento das crises de solu\u00e7os (Clorpromazina e a Gabapentina) e tem como reconhecidos efeitos colaterais, a altera\u00e7\u00e3o do estado mental com a possibilidade de confus\u00e3o mental, desorienta\u00e7\u00e3o, coordena\u00e7\u00e3o anormal, seda\u00e7\u00e3o, transtorno de equil\u00edbrio, alucina\u00e7\u00f5es e transtornos cognitivos&#8221;, justificam Birolini e Echenique.<\/p>\n<p class=\"bullet\" data-v-232111b4=\"\">&#8220;O medicamento foi suspenso imediatamente, sem sintomas residuais neste momento. Foram realizados os ajustes necess\u00e1rios na medica\u00e7\u00e3o, restabelecendo a orienta\u00e7\u00e3o anterior&#8221;, completam.<\/p>\n","protected":false},"excerpt":{"rendered":"De acordo com a m\u00e9dica, os medicamentos normalmente n\u00e3o desencadeiam surtos psic\u00f3ticos: &#8220;Um surto psic\u00f3tico n\u00e3o \u00e9 uma&hellip;\n","protected":false},"author":2,"featured_media":165763,"comment_status":"","ping_status":"","sticky":false,"template":"","format":"standard","meta":{"footnotes":""},"categories":[50],"tags":[27,28,15,16,14,25,26,21,22,62,12,13,19,20,23,24,17,18,29,30,31,63,64,65],"class_list":{"0":"post-165762","1":"post","2":"type-post","3":"status-publish","4":"format-standard","5":"has-post-thumbnail","7":"category-mundo","8":"tag-breaking-news","9":"tag-breakingnews","10":"tag-featured-news","11":"tag-featurednews","12":"tag-headlines","13":"tag-latest-news","14":"tag-latestnews","15":"tag-main-news","16":"tag-mainnews","17":"tag-mundo","18":"tag-news","19":"tag-noticias","20":"tag-noticias-principais","21":"tag-noticiasprincipais","22":"tag-principais-noticias","23":"tag-principaisnoticias","24":"tag-top-stories","25":"tag-topstories","26":"tag-ultimas","27":"tag-ultimas-noticias","28":"tag-ultimasnoticias","29":"tag-world","30":"tag-world-news","31":"tag-worldnews"},"share_on_mastodon":{"url":"https:\/\/pubeurope.com\/@pt\/115615983540723034","error":""},"_links":{"self":[{"href":"https:\/\/www.europesays.com\/pt\/wp-json\/wp\/v2\/posts\/165762","targetHints":{"allow":["GET"]}}],"collection":[{"href":"https:\/\/www.europesays.com\/pt\/wp-json\/wp\/v2\/posts"}],"about":[{"href":"https:\/\/www.europesays.com\/pt\/wp-json\/wp\/v2\/types\/post"}],"author":[{"embeddable":true,"href":"https:\/\/www.europesays.com\/pt\/wp-json\/wp\/v2\/users\/2"}],"replies":[{"embeddable":true,"href":"https:\/\/www.europesays.com\/pt\/wp-json\/wp\/v2\/comments?post=165762"}],"version-history":[{"count":0,"href":"https:\/\/www.europesays.com\/pt\/wp-json\/wp\/v2\/posts\/165762\/revisions"}],"wp:featuredmedia":[{"embeddable":true,"href":"https:\/\/www.europesays.com\/pt\/wp-json\/wp\/v2\/media\/165763"}],"wp:attachment":[{"href":"https:\/\/www.europesays.com\/pt\/wp-json\/wp\/v2\/media?parent=165762"}],"wp:term":[{"taxonomy":"category","embeddable":true,"href":"https:\/\/www.europesays.com\/pt\/wp-json\/wp\/v2\/categories?post=165762"},{"taxonomy":"post_tag","embeddable":true,"href":"https:\/\/www.europesays.com\/pt\/wp-json\/wp\/v2\/tags?post=165762"}],"curies":[{"name":"wp","href":"https:\/\/api.w.org\/{rel}","templated":true}]}}