{"id":165768,"date":"2025-11-26T12:26:09","date_gmt":"2025-11-26T12:26:09","guid":{"rendered":"https:\/\/www.europesays.com\/pt\/165768\/"},"modified":"2025-11-26T12:26:09","modified_gmt":"2025-11-26T12:26:09","slug":"ex-marido-de-preta-gil-ganha-declaracao-de-nova-namorada-nas-redes-saiba-quem-e-ela","status":"publish","type":"post","link":"https:\/\/www.europesays.com\/pt\/165768\/","title":{"rendered":"Ex-marido de Preta Gil ganha declara\u00e7\u00e3o de nova namorada nas redes; saiba quem \u00e9 ela"},"content":{"rendered":"\n<p class=\" content-text__container \" data-track-category=\"Link no Texto\" data-track-links=\"\"> Preta morreu em 20 de julho, nos Estados Unidos, durante um tratamento experimental contra um c\u00e2ncer. Foi velada no Teatro Municipal, teve cortejo no Centro do Rio e foi cremada no Caju. Suas cinzas foram divididas entre lugares simb\u00f3licos, e parte delas est\u00e1 sendo transformada em diamante, uma joia memorial, tend\u00eancia que j\u00e1 conquistou famosos como Andr\u00e9 Marques, Luiza Possi e Fl\u00e1via Pedras. <\/p>\n","protected":false},"excerpt":{"rendered":"Preta morreu em 20 de julho, nos Estados Unidos, durante um tratamento experimental contra um c\u00e2ncer. Foi velada&hellip;\n","protected":false},"author":2,"featured_media":165769,"comment_status":"","ping_status":"","sticky":false,"template":"","format":"standard","meta":{"footnotes":""},"categories":[145],"tags":[211,210,114,115,32,33],"class_list":{"0":"post-165768","1":"post","2":"type-post","3":"status-publish","4":"format-standard","5":"has-post-thumbnail","7":"category-celebridades","8":"tag-celebridades","9":"tag-celebrities","10":"tag-entertainment","11":"tag-entretenimento","12":"tag-portugal","13":"tag-pt"},"share_on_mastodon":{"url":"https:\/\/pubeurope.com\/@pt\/115615995233822788","error":""},"_links":{"self":[{"href":"https:\/\/www.europesays.com\/pt\/wp-json\/wp\/v2\/posts\/165768","targetHints":{"allow":["GET"]}}],"collection":[{"href":"https:\/\/www.europesays.com\/pt\/wp-json\/wp\/v2\/posts"}],"about":[{"href":"https:\/\/www.europesays.com\/pt\/wp-json\/wp\/v2\/types\/post"}],"author":[{"embeddable":true,"href":"https:\/\/www.europesays.com\/pt\/wp-json\/wp\/v2\/users\/2"}],"replies":[{"embeddable":true,"href":"https:\/\/www.europesays.com\/pt\/wp-json\/wp\/v2\/comments?post=165768"}],"version-history":[{"count":0,"href":"https:\/\/www.europesays.com\/pt\/wp-json\/wp\/v2\/posts\/165768\/revisions"}],"wp:featuredmedia":[{"embeddable":true,"href":"https:\/\/www.europesays.com\/pt\/wp-json\/wp\/v2\/media\/165769"}],"wp:attachment":[{"href":"https:\/\/www.europesays.com\/pt\/wp-json\/wp\/v2\/media?parent=165768"}],"wp:term":[{"taxonomy":"category","embeddable":true,"href":"https:\/\/www.europesays.com\/pt\/wp-json\/wp\/v2\/categories?post=165768"},{"taxonomy":"post_tag","embeddable":true,"href":"https:\/\/www.europesays.com\/pt\/wp-json\/wp\/v2\/tags?post=165768"}],"curies":[{"name":"wp","href":"https:\/\/api.w.org\/{rel}","templated":true}]}}