{"id":165782,"date":"2025-11-26T12:41:15","date_gmt":"2025-11-26T12:41:15","guid":{"rendered":"https:\/\/www.europesays.com\/pt\/165782\/"},"modified":"2025-11-26T12:41:15","modified_gmt":"2025-11-26T12:41:15","slug":"vin-diesel-enaltece-trabalho-de-the-rock-em-cinebiografia-de-mark-kerr","status":"publish","type":"post","link":"https:\/\/www.europesays.com\/pt\/165782\/","title":{"rendered":"Vin Diesel enaltece trabalho de The Rock em cinebiografia de Mark Kerr"},"content":{"rendered":"<p class=\"bullet mt-0\" data-v-232111b4=\"\">Vin Diesel, 58, causou surpresa ao elogiar publicamente o trabalho de Dwayne Johnson, 53, no filme &#8220;Cora\u00e7\u00e3o de Lutador: The Smashing Machine&#8221;.<\/p>\n<p>O que aconteceu<\/p>\n<p class=\"bullet\" data-v-232111b4=\"\"><strong>O astro de &#8220;Triplo X&#8221; \u00e9 amigo pessoal de Mark Kerr, 56, o lutador retratado no longa.<\/strong> &#8220;Mark Kerr foi um dos primeiros amigos que fiz quando me mudei de Nova York para a Calif\u00f3rnia. Demo-nos bem imediatamente, e a raz\u00e3o \u00e9 simples: ele \u00e9 genuinamente uma das pessoas mais gentis e calorosas que j\u00e1 conheci. \u00c9 esse o tipo de amigo que ele tem sido desde o primeiro dia&#8221;, escreveu, no Instagram.<\/p>\n<p class=\"bullet\" data-v-232111b4=\"\"><strong>Diesel enalteceu o desempenho de The Rock como Kerr nas telonas. <\/strong>&#8220;E deixe-me celebrar o Dwayne. Mark Kerr merece muito este momento &#8211; e o Dwayne realmente fez acontecer! Ele nos levou de volta no tempo e brilhou ao fazer isso. Orgulho de voc\u00eas dois.&#8221;<\/p>\n","protected":false},"excerpt":{"rendered":"Vin Diesel, 58, causou surpresa ao elogiar publicamente o trabalho de Dwayne Johnson, 53, no filme &#8220;Cora\u00e7\u00e3o de&hellip;\n","protected":false},"author":2,"featured_media":165783,"comment_status":"","ping_status":"","sticky":false,"template":"","format":"standard","meta":{"footnotes":""},"categories":[145],"tags":[211,210,114,115,32,33],"class_list":{"0":"post-165782","1":"post","2":"type-post","3":"status-publish","4":"format-standard","5":"has-post-thumbnail","7":"category-celebridades","8":"tag-celebridades","9":"tag-celebrities","10":"tag-entertainment","11":"tag-entretenimento","12":"tag-portugal","13":"tag-pt"},"share_on_mastodon":{"url":"https:\/\/pubeurope.com\/@pt\/115616054187547781","error":""},"_links":{"self":[{"href":"https:\/\/www.europesays.com\/pt\/wp-json\/wp\/v2\/posts\/165782","targetHints":{"allow":["GET"]}}],"collection":[{"href":"https:\/\/www.europesays.com\/pt\/wp-json\/wp\/v2\/posts"}],"about":[{"href":"https:\/\/www.europesays.com\/pt\/wp-json\/wp\/v2\/types\/post"}],"author":[{"embeddable":true,"href":"https:\/\/www.europesays.com\/pt\/wp-json\/wp\/v2\/users\/2"}],"replies":[{"embeddable":true,"href":"https:\/\/www.europesays.com\/pt\/wp-json\/wp\/v2\/comments?post=165782"}],"version-history":[{"count":0,"href":"https:\/\/www.europesays.com\/pt\/wp-json\/wp\/v2\/posts\/165782\/revisions"}],"wp:featuredmedia":[{"embeddable":true,"href":"https:\/\/www.europesays.com\/pt\/wp-json\/wp\/v2\/media\/165783"}],"wp:attachment":[{"href":"https:\/\/www.europesays.com\/pt\/wp-json\/wp\/v2\/media?parent=165782"}],"wp:term":[{"taxonomy":"category","embeddable":true,"href":"https:\/\/www.europesays.com\/pt\/wp-json\/wp\/v2\/categories?post=165782"},{"taxonomy":"post_tag","embeddable":true,"href":"https:\/\/www.europesays.com\/pt\/wp-json\/wp\/v2\/tags?post=165782"}],"curies":[{"name":"wp","href":"https:\/\/api.w.org\/{rel}","templated":true}]}}