{"id":165801,"date":"2025-11-26T12:58:11","date_gmt":"2025-11-26T12:58:11","guid":{"rendered":"https:\/\/www.europesays.com\/pt\/165801\/"},"modified":"2025-11-26T12:58:11","modified_gmt":"2025-11-26T12:58:11","slug":"ana-entrevista-leandro-e-lanca-farpa-que-continue-a-desmascarar-o-seu-jogo-nao-vai-ganhar-o-programa-secret-story","status":"publish","type":"post","link":"https:\/\/www.europesays.com\/pt\/165801\/","title":{"rendered":"Ana \u2018entrevista\u2019 Leandro e lan\u00e7a farpa: \u00abQue continue a desmascarar o seu jogo (\u2026) n\u00e3o vai ganhar o programa\u00bb &#8211; Secret Story"},"content":{"rendered":"<p>No Secret Story 9, Ana cumpre a consequ\u00eancia do desafio proposto pela Voz e entrevista Leandro, mas n\u00e3o perde a oportunidade de lan\u00e7ar uma farpa ao colega.\u00a0<\/p>\n<p><a href=\"https:\/\/tvi.iol.pt\/secretstory\/bruno\/desistencia\/bruno-desiste-do-secret-story-9-apos-sancao-da-voz-e-deixa-colegas-em-choque\" rel=\"nofollow noopener\" target=\"_blank\">Bruno desiste do Secret Story 9 ap\u00f3s san\u00e7\u00e3o da Voz e deixa colegas em choque &#8211; Secret Story &#8211; TVI<\/a><\/p>\n<p><strong>Esta semana, h\u00e1 tr\u00eas concorrentes em risco de expuls\u00e3o j\u00e1 no pr\u00f3ximo domingo.<\/strong><\/p>\n<p>Vota\u00e7\u00e3o para salvar:<br \/>DYLAN \u2013 761 20 20 07<br \/>F\u00c1BIO \u2013 761 20 20 08<br \/>IN\u00caS \u2013 761 20 20 10<\/p>\n<p><a href=\"https:\/\/tvi.iol.pt\/secretstory\/aominuto\" rel=\"nofollow noopener\" target=\"_blank\">Acompanhe aqui tudo o que se passa no Secret Story 9!<\/a><\/p>\n","protected":false},"excerpt":{"rendered":"No Secret Story 9, Ana cumpre a consequ\u00eancia do desafio proposto pela Voz e entrevista Leandro, mas n\u00e3o&hellip;\n","protected":false},"author":2,"featured_media":165802,"comment_status":"","ping_status":"","sticky":false,"template":"","format":"standard","meta":{"footnotes":""},"categories":[142],"tags":[6340,114,115,19033,12397,19034,32,33,151,19032],"class_list":{"0":"post-165801","1":"post","2":"type-post","3":"status-publish","4":"format-standard","5":"has-post-thumbnail","7":"category-tv","8":"tag-ana","9":"tag-entertainment","10":"tag-entretenimento","11":"tag-galas-em-video","12":"tag-leandro","13":"tag-melhores-momentos-casa-dos-segredos","14":"tag-portugal","15":"tag-pt","16":"tag-tv","17":"tag-videos-secret-story-tvi"},"share_on_mastodon":{"url":"https:\/\/pubeurope.com\/@pt\/115616121155481249","error":""},"_links":{"self":[{"href":"https:\/\/www.europesays.com\/pt\/wp-json\/wp\/v2\/posts\/165801","targetHints":{"allow":["GET"]}}],"collection":[{"href":"https:\/\/www.europesays.com\/pt\/wp-json\/wp\/v2\/posts"}],"about":[{"href":"https:\/\/www.europesays.com\/pt\/wp-json\/wp\/v2\/types\/post"}],"author":[{"embeddable":true,"href":"https:\/\/www.europesays.com\/pt\/wp-json\/wp\/v2\/users\/2"}],"replies":[{"embeddable":true,"href":"https:\/\/www.europesays.com\/pt\/wp-json\/wp\/v2\/comments?post=165801"}],"version-history":[{"count":0,"href":"https:\/\/www.europesays.com\/pt\/wp-json\/wp\/v2\/posts\/165801\/revisions"}],"wp:featuredmedia":[{"embeddable":true,"href":"https:\/\/www.europesays.com\/pt\/wp-json\/wp\/v2\/media\/165802"}],"wp:attachment":[{"href":"https:\/\/www.europesays.com\/pt\/wp-json\/wp\/v2\/media?parent=165801"}],"wp:term":[{"taxonomy":"category","embeddable":true,"href":"https:\/\/www.europesays.com\/pt\/wp-json\/wp\/v2\/categories?post=165801"},{"taxonomy":"post_tag","embeddable":true,"href":"https:\/\/www.europesays.com\/pt\/wp-json\/wp\/v2\/tags?post=165801"}],"curies":[{"name":"wp","href":"https:\/\/api.w.org\/{rel}","templated":true}]}}