{"id":165815,"date":"2025-11-26T13:06:06","date_gmt":"2025-11-26T13:06:06","guid":{"rendered":"https:\/\/www.europesays.com\/pt\/165815\/"},"modified":"2025-11-26T13:06:06","modified_gmt":"2025-11-26T13:06:06","slug":"incendio-em-torres-residenciais-de-hong-kong-faz-13-mortos-e-16-feridos-ha-varias-pessoas-presas-nos-apartamentos","status":"publish","type":"post","link":"https:\/\/www.europesays.com\/pt\/165815\/","title":{"rendered":"Inc\u00eandio em torres residenciais de Hong Kong faz 13 mortos e 16 feridos. H\u00e1 v\u00e1rias pessoas presas nos apartamentos"},"content":{"rendered":"<p>\t                Fogo devastou edif\u00edcios de 31 andares<\/p>\n<p>Pelo menos 13 pessoas morreram, esta quarta-feira, depois de um inc\u00eandio de grandes dimens\u00f5es ter atingido v\u00e1rios blocos de um complexo habitacional no distrito de Tai Po, no norte de Hong Kong,<a href=\"https:\/\/www.scmp.com\/news\/hong-kong\/society\/article\/3334217\/major-fire-hong-kongs-tai-po-leaves-2-severely-burned-residents-trapped\" target=\"_blank\" rel=\"nofollow noopener\"> avan\u00e7a o South China Post.<\/a><\/p>\n<p>Segundo o jornal, h\u00e1 ainda 16 feridos em estado cr\u00edtico e v\u00e1rias pessoas presas nos edif\u00edcios de 31 andares. Entre as v\u00edtimas mortais est\u00e1 um bombeiro.<\/p>\n<p>As imagens do local mostram fumo cinzento denso a sair dos edif\u00edcios enquanto os servi\u00e7os de emerg\u00eancia tentavam controlar as chamas.<\/p>\n<p><a href=\"https:\/\/news.rthk.hk\/rthk\/en\/component\/k2\/1833389-20251126.htm\" target=\"_blank\" rel=\"nofollow noopener\">Segundo a RTHK<\/a>, elementos dos servi\u00e7os de bombeiros tamb\u00e9m ficaram feridos durante as opera\u00e7\u00f5es de combate ao fogo que devastou edif\u00edcios de 31 andares.<\/p>\n<p>A corpora\u00e7\u00e3o de bombeiros informou que recebeu o alerta \u00e0s 14:51 (06:51 em Portugal) para um inc\u00eandio no Wang Fuk Court, em Tai Po, elevando-o posteriormente para n\u00edvel 4 &#8211; o segundo mais alto &#8211; \u00e0s 15:34.<\/p>\n<p>O Wang Fuk Court \u00e9 composto por oito blocos residenciais, com cerca de 2.000 apartamentos. Pelo menos quatro edif\u00edcios encontravam-se envoltos em andaimes de bambu, ainda largamente utilizados na constru\u00e7\u00e3o em Hong Kong, para trabalhos de remodela\u00e7\u00e3o.<\/p>\n","protected":false},"excerpt":{"rendered":"Fogo devastou edif\u00edcios de 31 andares Pelo menos 13 pessoas morreram, esta quarta-feira, depois de um inc\u00eandio de&hellip;\n","protected":false},"author":2,"featured_media":165816,"comment_status":"","ping_status":"","sticky":false,"template":"","format":"standard","meta":{"footnotes":""},"categories":[50],"tags":[609,836,611,27,28,607,608,333,832,604,135,610,476,15,16,3963,301,830,14,625,603,25,26,570,21,22,831,833,3019,62,834,12,13,19,20,835,602,52,32,23,24,35030,17,18,29,30,31,63,64,65],"class_list":{"0":"post-165815","1":"post","2":"type-post","3":"status-publish","4":"format-standard","5":"has-post-thumbnail","7":"category-mundo","8":"tag-alerta","9":"tag-analise","10":"tag-ao-minuto","11":"tag-breaking-news","12":"tag-breakingnews","13":"tag-cnn","14":"tag-cnn-portugal","15":"tag-comentadores","16":"tag-costa","17":"tag-crime","18":"tag-desporto","19":"tag-direto","20":"tag-economia","21":"tag-featured-news","22":"tag-featurednews","23":"tag-fogo","24":"tag-governo","25":"tag-guerra","26":"tag-headlines","27":"tag-incendio","28":"tag-justica","29":"tag-latest-news","30":"tag-latestnews","31":"tag-live","32":"tag-main-news","33":"tag-mainnews","34":"tag-mais-vistas","35":"tag-marcelo","36":"tag-mortos","37":"tag-mundo","38":"tag-negocios","39":"tag-news","40":"tag-noticias","41":"tag-noticias-principais","42":"tag-noticiasprincipais","43":"tag-opiniao","44":"tag-pais","45":"tag-politica","46":"tag-portugal","47":"tag-principais-noticias","48":"tag-principaisnoticias","49":"tag-tai-po","50":"tag-top-stories","51":"tag-topstories","52":"tag-ultimas","53":"tag-ultimas-noticias","54":"tag-ultimasnoticias","55":"tag-world","56":"tag-world-news","57":"tag-worldnews"},"share_on_mastodon":{"url":"","error":""},"_links":{"self":[{"href":"https:\/\/www.europesays.com\/pt\/wp-json\/wp\/v2\/posts\/165815","targetHints":{"allow":["GET"]}}],"collection":[{"href":"https:\/\/www.europesays.com\/pt\/wp-json\/wp\/v2\/posts"}],"about":[{"href":"https:\/\/www.europesays.com\/pt\/wp-json\/wp\/v2\/types\/post"}],"author":[{"embeddable":true,"href":"https:\/\/www.europesays.com\/pt\/wp-json\/wp\/v2\/users\/2"}],"replies":[{"embeddable":true,"href":"https:\/\/www.europesays.com\/pt\/wp-json\/wp\/v2\/comments?post=165815"}],"version-history":[{"count":0,"href":"https:\/\/www.europesays.com\/pt\/wp-json\/wp\/v2\/posts\/165815\/revisions"}],"wp:featuredmedia":[{"embeddable":true,"href":"https:\/\/www.europesays.com\/pt\/wp-json\/wp\/v2\/media\/165816"}],"wp:attachment":[{"href":"https:\/\/www.europesays.com\/pt\/wp-json\/wp\/v2\/media?parent=165815"}],"wp:term":[{"taxonomy":"category","embeddable":true,"href":"https:\/\/www.europesays.com\/pt\/wp-json\/wp\/v2\/categories?post=165815"},{"taxonomy":"post_tag","embeddable":true,"href":"https:\/\/www.europesays.com\/pt\/wp-json\/wp\/v2\/tags?post=165815"}],"curies":[{"name":"wp","href":"https:\/\/api.w.org\/{rel}","templated":true}]}}