{"id":165817,"date":"2025-11-26T13:09:29","date_gmt":"2025-11-26T13:09:29","guid":{"rendered":"https:\/\/www.europesays.com\/pt\/165817\/"},"modified":"2025-11-26T13:09:29","modified_gmt":"2025-11-26T13:09:29","slug":"rafa-kalimann-revela-que-comecou-a-fumar-aos-14-anos-e-motivo-choca-a-web-veja","status":"publish","type":"post","link":"https:\/\/www.europesays.com\/pt\/165817\/","title":{"rendered":"Rafa Kalimann revela que come\u00e7ou a fumar aos 14 anos e motivo choca a web; veja"},"content":{"rendered":"<p>\n                        Influenciadora Rafa Kalimann desabafa sobre press\u00e3o est\u00e9tica e confessa que come\u00e7ou a fumar na adolesc\u00eancia\n                    <\/p>\n<ul class=\"article__header__author\">\n<li class=\"article__header__author__item\">\n                                                Por:<br \/>\n                                                                                    Val\u00e9ria Abreu \/ Contigo\n                                                                        <\/li>\n<\/ul>\n<p>\n                                    25 nov<br \/>\n                                    2025<br \/>\n                                     &#8211; 19h51\n                                <\/p>\n<p>\n                                                                                                                        (atualizado \u00e0s 19h57)\n                                                                            <\/p>\n<p class=\"text\">A influenciadora <strong>Rafa Kalimann<\/strong> participou do programa Sem Censura, na TV Brasil, nesta semana. Durante o bate-papo com a apresentadora<strong> Cissa Guimar\u00e3es,<\/strong> ela desabafou sobre a press\u00e3o est\u00e9tica no in\u00edcio da carreira, quando atuava como modelo.<\/p>\n<p><img loading=\"lazy\" decoding=\"async\" alt=\"Rafa Kalimann\" class=\"img-e1d86c6addb0bc40cc0de9aca7268f9988wyja3a\" height=\"435\" src=\"https:\/\/www.europesays.com\/pt\/wp-content\/uploads\/2025\/11\/1662982359-rafa-kalimann.jpg\"  title=\"Rafa Kalimann\" width=\"774\"\/><\/p>\n<p>Rafa Kalimann<\/p>\n<p>Foto: Reprodu\u00e7\u00e3o\/ TV Brasil \/ Contigo<\/p>\n<p class=\"text\">A famosa, que est\u00e1 gr\u00e1vida de sua primeira filha, disse que sofreu com os requisitos das ag\u00eancias.\u00a0&#8220;Tiveram muitos desafios. Eu era uma menina muito nova. Lembro de chegar na ag\u00eancia com 14 anos e o booker me receber com uma fita m\u00e9trica&#8221;, iniciou ela.<\/p>\n<p class=\"text\">&#8220;O quadril precisa ser medido e voc\u00ea precisa estar naquele cent\u00edmetro indicado, n\u00e3o pode passar nem um cent\u00edmetro a mais. Eu j\u00e1 sou de um biotipo totalmente diferente, sou uma mineira de perna grossa, com quadril\u2026 ent\u00e3o, encaixar nesse padr\u00e3o me gerou v\u00e1rios gatilhos e quest\u00f5es de sa\u00fade&#8221;, contou Kalimann.<\/p>\n<p>Cigarro<\/p>\n<p class=\"text\">Rafa Kalimann contou que passou a fumar cigarro para &#8220;enganar&#8221; a fome. &#8220;Inclusive eu comecei a fumar [para emagrecer] quando era novinha. Parei quando meus pais descobriram. Porque me falaram que tiraria minha ansiedade de comer. E isso era um est\u00edmulo do mercado&#8221;, pontuou.<\/p>\n<p class=\"text\">&#8220;A\u00ed minha m\u00e3e descobriu, foi a \u00fanica vez que eu ouvi do meu pai: &#8216;Estou decepcionado com voc\u00ea&#8217;, eu nunca vou esquecer desse momento. E eu falei que nunca mais na minha vida ia colocar um cigarro na minha boca, e nunca mais coloquei&#8221;, concluiu.<\/p>\n<p>Ataque nas redes sociais<\/p>\n<p class=\"text\">Durante a participa\u00e7\u00e3o no programa, a ex-BBB tamb\u00e9m lamentou os ataques nas redes sociais. &#8220;Ser atacada d\u00f3i, ser atacada machuca. Principalmente quando voc\u00ea n\u00e3o est\u00e1 fazendo alguma coisa&#8221;, disse.<\/p>\n<p class=\"text\">&#8220;At\u00e9 os livros que eu compro para a minha casa s\u00e3o uma grande quest\u00e3o. Coisas que s\u00e3o muito importantes para mim, como os meus trabalhos humanit\u00e1rios, s\u00e3o uma grande quest\u00e3o. Coisas da minha casa viram uma grande quest\u00e3o. O nome que eu dou para a minha filha \u00e9 uma grande quest\u00e3o&#8221;, desabafou Rafa.<\/p>\n","protected":false},"excerpt":{"rendered":"Influenciadora Rafa Kalimann desabafa sobre press\u00e3o est\u00e9tica e confessa que come\u00e7ou a fumar na adolesc\u00eancia Por: Val\u00e9ria Abreu&hellip;\n","protected":false},"author":2,"featured_media":165818,"comment_status":"","ping_status":"","sticky":false,"template":"","format":"standard","meta":{"footnotes":""},"categories":[145],"tags":[211,210,114,115,32,33],"class_list":{"0":"post-165817","1":"post","2":"type-post","3":"status-publish","4":"format-standard","5":"has-post-thumbnail","7":"category-celebridades","8":"tag-celebridades","9":"tag-celebrities","10":"tag-entertainment","11":"tag-entretenimento","12":"tag-portugal","13":"tag-pt"},"share_on_mastodon":{"url":"https:\/\/pubeurope.com\/@pt\/115616164502275854","error":""},"_links":{"self":[{"href":"https:\/\/www.europesays.com\/pt\/wp-json\/wp\/v2\/posts\/165817","targetHints":{"allow":["GET"]}}],"collection":[{"href":"https:\/\/www.europesays.com\/pt\/wp-json\/wp\/v2\/posts"}],"about":[{"href":"https:\/\/www.europesays.com\/pt\/wp-json\/wp\/v2\/types\/post"}],"author":[{"embeddable":true,"href":"https:\/\/www.europesays.com\/pt\/wp-json\/wp\/v2\/users\/2"}],"replies":[{"embeddable":true,"href":"https:\/\/www.europesays.com\/pt\/wp-json\/wp\/v2\/comments?post=165817"}],"version-history":[{"count":0,"href":"https:\/\/www.europesays.com\/pt\/wp-json\/wp\/v2\/posts\/165817\/revisions"}],"wp:featuredmedia":[{"embeddable":true,"href":"https:\/\/www.europesays.com\/pt\/wp-json\/wp\/v2\/media\/165818"}],"wp:attachment":[{"href":"https:\/\/www.europesays.com\/pt\/wp-json\/wp\/v2\/media?parent=165817"}],"wp:term":[{"taxonomy":"category","embeddable":true,"href":"https:\/\/www.europesays.com\/pt\/wp-json\/wp\/v2\/categories?post=165817"},{"taxonomy":"post_tag","embeddable":true,"href":"https:\/\/www.europesays.com\/pt\/wp-json\/wp\/v2\/tags?post=165817"}],"curies":[{"name":"wp","href":"https:\/\/api.w.org\/{rel}","templated":true}]}}