{"id":165819,"date":"2025-11-26T13:12:14","date_gmt":"2025-11-26T13:12:14","guid":{"rendered":"https:\/\/www.europesays.com\/pt\/165819\/"},"modified":"2025-11-26T13:12:14","modified_gmt":"2025-11-26T13:12:14","slug":"desistencia-de-bruno-do-choque-as-lagrimas-as-reacoes-dos-concorrentes-em-imagens-secret-story","status":"publish","type":"post","link":"https:\/\/www.europesays.com\/pt\/165819\/","title":{"rendered":"Desist\u00eancia de Bruno: Do choque \u00e0s l\u00e1grimas. As rea\u00e7\u00f5es dos concorrentes em imagens &#8211; Secret Story"},"content":{"rendered":"<p>\n                    Veja todas as rea\u00e7\u00f5es \u00e0 desist\u00eancia de Bruno do Secret Story 9.\n                <\/p>\n<p>Bruno decidiu abandonar o Secret Story 9 no <strong>Especial<\/strong> desta, dia 25 de novembro de 2025, deixando os colegas em choque e muito chorosos.\u00a0<\/p>\n<p>Na sala, quando anunciou a decis\u00e3o, Bruno n\u00e3o conteve as l\u00e1grimas ao explicar que precisa de estar com a fam\u00edlia, sobretudo com a mulher e as filhas, para acalmar o cora\u00e7\u00e3o.\u00a0<\/p>\n<p>Os colegas tamb\u00e9m n\u00e3o esconderam o choque e depois as l\u00e1grimas, sendo que Dylan, In\u00eas e Marisa eram os mais inconsol\u00e1veis. Surpreendentemente, tamb\u00e9m Pedro chorou.\u00a0<\/p>\n<p>Percorra a galeria de fotografias que prepar\u00e1mos para si com as imagens das rea\u00e7\u00f5es dos concorrentes \u00e0 desist\u00eancia de Bruno.\u00a0<\/p>\n","protected":false},"excerpt":{"rendered":"Veja todas as rea\u00e7\u00f5es \u00e0 desist\u00eancia de Bruno do Secret Story 9. Bruno decidiu abandonar o Secret Story&hellip;\n","protected":false},"author":2,"featured_media":165820,"comment_status":"","ping_status":"","sticky":false,"template":"","format":"standard","meta":{"footnotes":""},"categories":[142],"tags":[3768,6337,114,115,18800,32,33,7659,151,162,18801],"class_list":{"0":"post-165819","1":"post","2":"type-post","3":"status-publish","4":"format-standard","5":"has-post-thumbnail","7":"category-tv","8":"tag-bruno","9":"tag-desistencia","10":"tag-entertainment","11":"tag-entretenimento","12":"tag-momentos-virais-secret-story","13":"tag-portugal","14":"tag-pt","15":"tag-reacoes","16":"tag-tv","17":"tag-tvi","18":"tag-videos-virais-concorrentes"},"share_on_mastodon":{"url":"https:\/\/pubeurope.com\/@pt\/115616176212190906","error":""},"_links":{"self":[{"href":"https:\/\/www.europesays.com\/pt\/wp-json\/wp\/v2\/posts\/165819","targetHints":{"allow":["GET"]}}],"collection":[{"href":"https:\/\/www.europesays.com\/pt\/wp-json\/wp\/v2\/posts"}],"about":[{"href":"https:\/\/www.europesays.com\/pt\/wp-json\/wp\/v2\/types\/post"}],"author":[{"embeddable":true,"href":"https:\/\/www.europesays.com\/pt\/wp-json\/wp\/v2\/users\/2"}],"replies":[{"embeddable":true,"href":"https:\/\/www.europesays.com\/pt\/wp-json\/wp\/v2\/comments?post=165819"}],"version-history":[{"count":0,"href":"https:\/\/www.europesays.com\/pt\/wp-json\/wp\/v2\/posts\/165819\/revisions"}],"wp:featuredmedia":[{"embeddable":true,"href":"https:\/\/www.europesays.com\/pt\/wp-json\/wp\/v2\/media\/165820"}],"wp:attachment":[{"href":"https:\/\/www.europesays.com\/pt\/wp-json\/wp\/v2\/media?parent=165819"}],"wp:term":[{"taxonomy":"category","embeddable":true,"href":"https:\/\/www.europesays.com\/pt\/wp-json\/wp\/v2\/categories?post=165819"},{"taxonomy":"post_tag","embeddable":true,"href":"https:\/\/www.europesays.com\/pt\/wp-json\/wp\/v2\/tags?post=165819"}],"curies":[{"name":"wp","href":"https:\/\/api.w.org\/{rel}","templated":true}]}}