{"id":165823,"date":"2025-11-26T13:14:16","date_gmt":"2025-11-26T13:14:16","guid":{"rendered":"https:\/\/www.europesays.com\/pt\/165823\/"},"modified":"2025-11-26T13:14:16","modified_gmt":"2025-11-26T13:14:16","slug":"batman-begins-foi-um-premio-de-consolacao-para-christopher-nolan-ele-iria-dirigir-este-blockbuster","status":"publish","type":"post","link":"https:\/\/www.europesays.com\/pt\/165823\/","title":{"rendered":"&#8216;Batman Begins&#8217; foi um &#8220;pr\u00eamio de consola\u00e7\u00e3o&#8221; para Christopher Nolan; Ele iria dirigir ESTE blockbuster!"},"content":{"rendered":"<p>O filme<strong> \u2018<a href=\"https:\/\/cinepop.com.br\/tag\/batman-begins\/\" title=\"Batman Begins\" rel=\"nofollow noopener\" target=\"_blank\">Batman Begins<\/a>\u2019<\/strong> (2005) fez hist\u00f3ria no g\u00eanero de super-her\u00f3is, dando in\u00edcio \u00e0 aclamada trilogia do cineasta <strong><a href=\"https:\/\/cinepop.com.br\/tag\/christopher-nolan\/\" title=\"Christopher Nolan\" rel=\"nofollow noopener\" target=\"_blank\">Christopher Nolan<\/a><\/strong>. No entanto, novas informa\u00e7\u00f5es revelaram de forma surpreendente que o longa foi, na verdade, um pr\u00eamio de consola\u00e7\u00e3o dado ao diretor pelo est\u00fadio.<\/p>\n<p>De acordo com o <a href=\"https:\/\/www.worldofreel.com\/blog\/2025\/11\/21\/christopher-nolan-was-originally-hired-to-direct-troy\" rel=\"nofollow noopener\" target=\"_blank\">World of Reel<\/a>, <strong>Nolan<\/strong> havia sido inicialmente contratado pela Warner Bros. para dirigir o \u00e9pico<strong> \u2018Tr\u00f3ia\u2019<\/strong>, que estava previsto para ser seu pr\u00f3ximo trabalho ap\u00f3s <strong>\u2018Ins\u00f4nia\u2019<\/strong> (2002).<\/p>\n<p>\u201cFui originalmente contratado pela Warner Bros. para dirigir Tr\u00f3ia. Wolfgang [Petersen] havia desenvolvido o projeto, e quando o est\u00fadio decidiu n\u00e3o seguir com seu filme de super-her\u00f3i [\u2018Batman vs Superman\u2019], ele quis o projeto de volta\u201d, afirmou <strong>Nolan.<\/strong><\/p>\n<p>A mudan\u00e7a de planos ocorreu depois que o projeto<strong> \u2018Batman vs Superman\u2019<\/strong> de <strong>Wolfgang Petersen<\/strong> foi cancelado pela WB. O cineasta alem\u00e3o, que havia desenvolvido originalmente <strong>\u2018Tr\u00f3ia\u2019<\/strong>, quis recuperar a dire\u00e7\u00e3o do longa. Nolan explicou:<\/p>\n<p>Ironicamente, o projeto que a Warner Bros. ofereceu a <strong>Nolan<\/strong> em seguida foi o seu pr\u00f3prio filme do Batman. O roteirista<strong> David Goyer<\/strong> mencionou recentemente que o est\u00fadio deu <strong>\u2018<a href=\"https:\/\/cinepop.com.br\/tag\/batman-begins\/\" title=\"Batman Begins\" rel=\"nofollow noopener\" target=\"_blank\">Batman Begins<\/a>\u2019<\/strong> a <strong>Nolan<\/strong> como uma esp\u00e9cie de \u201cpr\u00eamio de consola\u00e7\u00e3o\u201d por ele ter perdido a dire\u00e7\u00e3o de <strong>\u2018Tr\u00f3ia\u2019<\/strong>.<\/p>\n<p>Apesar de ter assumido o Cavaleiro das Trevas, <strong>Nolan<\/strong> demonstrou que o universo mitol\u00f3gico de <strong>\u2018Tr\u00f3ia\u2019<\/strong> e <strong>\u2018A Odisseia\u2019<\/strong> (que compartilha a mesma cronologia) permanece vivo em seus planos:<\/p>\n<p>\u201cNo fim das contas, era um mundo que eu tinha muito interesse em explorar. Ent\u00e3o, ele tem estado na minha mente por muito tempo. Certas imagens, em particular. Como eu queria lidar com o Cavalo de Troia, coisas assim\u201d, concluiu.<\/p>\n<p><a href=\"https:\/\/cinepop.com.br\/batman-o-cavaleiro-das-trevas-michael-caine-relembra-a-atuacao-iconica-de-heath-ledger-como-coringa-643386\/\" rel=\"nofollow noopener\" target=\"_blank\">\u2018Batman: O Cavaleiro das Trevas\u2019: Michael Caine relembra a atua\u00e7\u00e3o ic\u00f4nica de Heath Ledger como Coringa<\/a><\/p>\n<p><strong>A trilogia \u2018Batman\u2019 de <a href=\"https:\/\/cinepop.com.br\/tag\/christopher-nolan\/\" title=\"Christopher Nolan\" rel=\"nofollow noopener\" target=\"_blank\">Christopher Nolan<\/a> est\u00e1 dispon\u00edvel para streaming no HBO Max.<\/strong><\/p>\n<p><img fetchpriority=\"high\" decoding=\"async\" class=\"alignnone wp-image-660593 size-full\" src=\"https:\/\/www.europesays.com\/pt\/wp-content\/uploads\/2025\/08\/batman-begins.jpg\" alt=\"batman begins\" width=\"728\" height=\"410\"  \/><\/p>\n","protected":false},"excerpt":{"rendered":"O filme \u2018Batman Begins\u2019 (2005) fez hist\u00f3ria no g\u00eanero de super-her\u00f3is, dando in\u00edcio \u00e0 aclamada trilogia do cineasta&hellip;\n","protected":false},"author":2,"featured_media":165824,"comment_status":"","ping_status":"","sticky":false,"template":"","format":"standard","meta":{"footnotes":""},"categories":[140],"tags":[15494,35031,35032,18164,4002,35033,114,115,147,148,35034,20418,8499,146,31714,35035,32,33,35036,6761,26140],"class_list":{"0":"post-165823","1":"post","2":"type-post","3":"status-publish","4":"format-standard","5":"has-post-thumbnail","7":"category-filmes","8":"tag-batman-begins","9":"tag-batman-vs-superman-a-origem-da-justica","10":"tag-ben-afleck","11":"tag-benicio-del-toro","12":"tag-christopher-nolan","13":"tag-david-s-goyer","14":"tag-entertainment","15":"tag-entretenimento","16":"tag-film","17":"tag-filmes","18":"tag-gary-oldman","19":"tag-jesse-eisenberg","20":"tag-leonardo-dicaprio","21":"tag-movies","22":"tag-o-homem-de-aco","23":"tag-o-lobo-de-wall-street","24":"tag-portugal","25":"tag-pt","26":"tag-the-sandman","27":"tag-titanic","28":"tag-zack-snyder"},"share_on_mastodon":{"url":"https:\/\/pubeurope.com\/@pt\/115616184610335636","error":""},"_links":{"self":[{"href":"https:\/\/www.europesays.com\/pt\/wp-json\/wp\/v2\/posts\/165823","targetHints":{"allow":["GET"]}}],"collection":[{"href":"https:\/\/www.europesays.com\/pt\/wp-json\/wp\/v2\/posts"}],"about":[{"href":"https:\/\/www.europesays.com\/pt\/wp-json\/wp\/v2\/types\/post"}],"author":[{"embeddable":true,"href":"https:\/\/www.europesays.com\/pt\/wp-json\/wp\/v2\/users\/2"}],"replies":[{"embeddable":true,"href":"https:\/\/www.europesays.com\/pt\/wp-json\/wp\/v2\/comments?post=165823"}],"version-history":[{"count":0,"href":"https:\/\/www.europesays.com\/pt\/wp-json\/wp\/v2\/posts\/165823\/revisions"}],"wp:featuredmedia":[{"embeddable":true,"href":"https:\/\/www.europesays.com\/pt\/wp-json\/wp\/v2\/media\/165824"}],"wp:attachment":[{"href":"https:\/\/www.europesays.com\/pt\/wp-json\/wp\/v2\/media?parent=165823"}],"wp:term":[{"taxonomy":"category","embeddable":true,"href":"https:\/\/www.europesays.com\/pt\/wp-json\/wp\/v2\/categories?post=165823"},{"taxonomy":"post_tag","embeddable":true,"href":"https:\/\/www.europesays.com\/pt\/wp-json\/wp\/v2\/tags?post=165823"}],"curies":[{"name":"wp","href":"https:\/\/api.w.org\/{rel}","templated":true}]}}