{"id":165831,"date":"2025-11-26T13:20:34","date_gmt":"2025-11-26T13:20:34","guid":{"rendered":"https:\/\/www.europesays.com\/pt\/165831\/"},"modified":"2025-11-26T13:20:34","modified_gmt":"2025-11-26T13:20:34","slug":"zara-mango-hm-e-mais-reunimos-39-pecas-com-os-melhores-descontos-a-partir-de-3-euros","status":"publish","type":"post","link":"https:\/\/www.europesays.com\/pt\/165831\/","title":{"rendered":"Zara, Mango, H&#038;M e mais: reunimos 39 pe\u00e7as com os melhores descontos a partir de 3 euros"},"content":{"rendered":"<p>Chegou uma das alturas mais esperadas do ano: a Black Friday. Este \u00e9 o momento perfeito para aproveitar pre\u00e7os mais baixos, fazer aquelas compras que t\u00ednhamos deixado para depois ou acrescentar ao guarda-roupa algumas pe\u00e7as especiais a valores muito mais acess\u00edveis.\u00a0<\/p>\n<p>\u00c0 medida que a data se aproxima, exploramos v\u00e1rios cat\u00e1logos de marcas\u00a0para perceber o que esperar\u2026 e as oportunidades j\u00e1 come\u00e7aram a surgir. Na Mango, existe uma sec\u00e7\u00e3o inteira dedicada \u00e0 Black Friday, com artigos que chegam aos 50% de desconto at\u00e9 ao dia 30.<\/p>\n<p>S\u00e3o pe\u00e7as tend\u00eancia perfeitas para a nova esta\u00e7\u00e3o, como sobretudos de l\u00e3, casacos de p\u00ealo, camisolas de malha, blazers, botas e cal\u00e7as em tons quentes. As cores predominantes seguem a paleta deste outono e do pr\u00f3ximo ano, com castanho, a cor Pantone de 2025, bord\u00f4 e bege em casacos e compridos, curtos e vers\u00e1teis, ideais para criar looks infinitos a pre\u00e7os muito convidativos.<\/p>\n<p>Na Zara, a Black Friday s\u00f3 deve ganhar forma dia 28, mas a sec\u00e7\u00e3o de Special Prices\u00a0re\u00fane artigos com mais de 40% de desconto, desde <a href=\"https:\/\/versa.iol.pt\/diana-chaves\/pilar\/corremos-zara-a-h-m-pelas-camisolas-quentes-de-diana-chaves-e-da-filha-pilar\/20251124\/692459ebd34e3caad84b9fec\" rel=\"nofollow noopener\" target=\"_blank\">malhas em cores tend\u00eancia a casacos de p\u00ealo, sobretudo essenciais para enfrentar o frio com conforto<\/a>. As camisolas de l\u00e3 e malha assumem grande destaque, tornando-se escolhas inteligentes para completar o guarda-roupa de outono\/inverno com qualidade e bons pre\u00e7os.<\/p>\n<p>J\u00e1 na Bershka, os verdadeiros achados surgem a pre\u00e7os irresist\u00edveis: casacos de p\u00ealo, sobretudos, malhas, cachec\u00f3is por apenas \u20ac11.19, tops a \u20ac2.99 e at\u00e9 <a href=\"https:\/\/versa.iol.pt\/zara\/ugg\/voltaram-a-ser-as-botas-mais-procuradas-e-estas-nao-sao-ugg-sao-zara\/20251123\/69208d44d34e3caad84b8ae0\u00b4\u00b4\" rel=\"nofollow noopener\" target=\"_blank\">botas forradas, que lembram as UGG<\/a>, que, com 50% de desconto, ficam por \u20ac17.99. As camisolas de gola alta aparecem em v\u00e1rias cores e padr\u00f5es, incluindo riscas, uma das tend\u00eancias mais fortes da esta\u00e7\u00e3o.<\/p>\n<p>Selecion\u00e1mos na galeria de imagens algumas das nossas pe\u00e7as favoritas para que te possas inspirar e escolher as que vais adicionar ao teu carrinho.<\/p>\n","protected":false},"excerpt":{"rendered":"Chegou uma das alturas mais esperadas do ano: a Black Friday. Este \u00e9 o momento perfeito para aproveitar&hellip;\n","protected":false},"author":2,"featured_media":165832,"comment_status":"","ping_status":"","sticky":false,"template":"","format":"standard","meta":{"footnotes":""},"categories":[83],"tags":[1081,2012,88,204,89,90,754,186,5873,1079,32,33,1078,1080,3480],"class_list":{"0":"post-165831","1":"post","2":"type-post","3":"status-publish","4":"format-standard","5":"has-post-thumbnail","7":"category-empresas","8":"tag-beleza","9":"tag-black-friday","10":"tag-business","11":"tag-design","12":"tag-economy","13":"tag-empresas","14":"tag-gastronomia","15":"tag-lifestyle","16":"tag-mango","17":"tag-moda","18":"tag-portugal","19":"tag-pt","20":"tag-versa","21":"tag-viagens","22":"tag-zara"},"share_on_mastodon":{"url":"https:\/\/pubeurope.com\/@pt\/115616207673608616","error":""},"_links":{"self":[{"href":"https:\/\/www.europesays.com\/pt\/wp-json\/wp\/v2\/posts\/165831","targetHints":{"allow":["GET"]}}],"collection":[{"href":"https:\/\/www.europesays.com\/pt\/wp-json\/wp\/v2\/posts"}],"about":[{"href":"https:\/\/www.europesays.com\/pt\/wp-json\/wp\/v2\/types\/post"}],"author":[{"embeddable":true,"href":"https:\/\/www.europesays.com\/pt\/wp-json\/wp\/v2\/users\/2"}],"replies":[{"embeddable":true,"href":"https:\/\/www.europesays.com\/pt\/wp-json\/wp\/v2\/comments?post=165831"}],"version-history":[{"count":0,"href":"https:\/\/www.europesays.com\/pt\/wp-json\/wp\/v2\/posts\/165831\/revisions"}],"wp:featuredmedia":[{"embeddable":true,"href":"https:\/\/www.europesays.com\/pt\/wp-json\/wp\/v2\/media\/165832"}],"wp:attachment":[{"href":"https:\/\/www.europesays.com\/pt\/wp-json\/wp\/v2\/media?parent=165831"}],"wp:term":[{"taxonomy":"category","embeddable":true,"href":"https:\/\/www.europesays.com\/pt\/wp-json\/wp\/v2\/categories?post=165831"},{"taxonomy":"post_tag","embeddable":true,"href":"https:\/\/www.europesays.com\/pt\/wp-json\/wp\/v2\/tags?post=165831"}],"curies":[{"name":"wp","href":"https:\/\/api.w.org\/{rel}","templated":true}]}}