{"id":165839,"date":"2025-11-26T13:27:06","date_gmt":"2025-11-26T13:27:06","guid":{"rendered":"https:\/\/www.europesays.com\/pt\/165839\/"},"modified":"2025-11-26T13:27:06","modified_gmt":"2025-11-26T13:27:06","slug":"vai-ate-a-final-e-ganha-isto","status":"publish","type":"post","link":"https:\/\/www.europesays.com\/pt\/165839\/","title":{"rendered":"Vai at\u00e9 \u00e0 final e ganha isto&#8230;"},"content":{"rendered":"<p>O \u2018Especial\u2019 do \u2018Secret Story 9\u2019 desta ter\u00e7a-feira, 25 de novembro, contou com momentos de muita emo\u00e7\u00e3o, uma vez que Bruno <a href=\"https:\/\/www.hiper.fm\/bruno-anuncia-desistencia-da-casa-dos-segredos-foram-algumas-mensagens-do-exterior\/\" target=\"_blank\" rel=\"noopener nofollow\">decidiu desistir<\/a>, depois dos acontecimentos das \u00faltimas horas e da san\u00e7\u00e3o que recebeu juntamente com Dylan.<\/p>\n<p>Em l\u00e1grimas em frente ao grupo, o concorrente de 40 anos anunciou a sua decis\u00e3o e acabou por ouvir por parte de alguns colegas palavras de apoio perante a decis\u00e3o dif\u00edcil.<\/p>\n<p>No momento em que se preparava para abandonar a casa, Bruno cumprimentou individualmente cada um dos concorrentes e quando abra\u00e7ou Dylan acabou por lhe deixar uma mensagem especial.<\/p>\n<p>Uma vez que tamb\u00e9m o amigo teve inten\u00e7\u00e3o de desistir do jogo, Bruno deu-lhe \u201cfor\u00e7a\u201d para continuar no programa:<strong> \u201cVai at\u00e9 \u00e0 final e ganha isto! For\u00e7a, gosto muito de ti, muito! Gosto muito de ti\u201d<\/strong>, referiu.<\/p>\n<p><a href=\"https:\/\/tvi.iol.pt\/secretstory\/videos\/marisa-nao-controla-as-lagrimas-ao-despedir-se-de-bruno-gosto-muito-de-ti\/692629400cf229bd2f8d4e53\" target=\"_blank\" rel=\"noopener nofollow\">Veja aqui o momento, ao minuto 3:38.<\/a><\/p>\n<blockquote class=\"wp-embedded-content\" data-secret=\"Hb6598aHXi\">\n<p><a href=\"https:\/\/www.hiper.fm\/ops-emissao-fica-ligada-e-ouve-se-conversa-entre-cristina-ferreira-e-bruno-apos-especial\/\" rel=\"nofollow noopener\" target=\"_blank\">Oops! Emiss\u00e3o fica ligada e ouve-se conversa entre Cristina Ferreira e Bruno ap\u00f3s \u2018Especial\u2019<\/a><\/p>\n<\/blockquote>\n","protected":false},"excerpt":{"rendered":"O \u2018Especial\u2019 do \u2018Secret Story 9\u2019 desta ter\u00e7a-feira, 25 de novembro, contou com momentos de muita emo\u00e7\u00e3o, uma&hellip;\n","protected":false},"author":2,"featured_media":165840,"comment_status":"","ping_status":"","sticky":false,"template":"","format":"standard","meta":{"footnotes":""},"categories":[142],"tags":[3768,19105,114,115,32,33,16686,151],"class_list":{"0":"post-165839","1":"post","2":"type-post","3":"status-publish","4":"format-standard","5":"has-post-thumbnail","7":"category-tv","8":"tag-bruno","9":"tag-dylan","10":"tag-entertainment","11":"tag-entretenimento","12":"tag-portugal","13":"tag-pt","14":"tag-secret-story-9","15":"tag-tv"},"share_on_mastodon":{"url":"https:\/\/pubeurope.com\/@pt\/115616235326058882","error":""},"_links":{"self":[{"href":"https:\/\/www.europesays.com\/pt\/wp-json\/wp\/v2\/posts\/165839","targetHints":{"allow":["GET"]}}],"collection":[{"href":"https:\/\/www.europesays.com\/pt\/wp-json\/wp\/v2\/posts"}],"about":[{"href":"https:\/\/www.europesays.com\/pt\/wp-json\/wp\/v2\/types\/post"}],"author":[{"embeddable":true,"href":"https:\/\/www.europesays.com\/pt\/wp-json\/wp\/v2\/users\/2"}],"replies":[{"embeddable":true,"href":"https:\/\/www.europesays.com\/pt\/wp-json\/wp\/v2\/comments?post=165839"}],"version-history":[{"count":0,"href":"https:\/\/www.europesays.com\/pt\/wp-json\/wp\/v2\/posts\/165839\/revisions"}],"wp:featuredmedia":[{"embeddable":true,"href":"https:\/\/www.europesays.com\/pt\/wp-json\/wp\/v2\/media\/165840"}],"wp:attachment":[{"href":"https:\/\/www.europesays.com\/pt\/wp-json\/wp\/v2\/media?parent=165839"}],"wp:term":[{"taxonomy":"category","embeddable":true,"href":"https:\/\/www.europesays.com\/pt\/wp-json\/wp\/v2\/categories?post=165839"},{"taxonomy":"post_tag","embeddable":true,"href":"https:\/\/www.europesays.com\/pt\/wp-json\/wp\/v2\/tags?post=165839"}],"curies":[{"name":"wp","href":"https:\/\/api.w.org\/{rel}","templated":true}]}}