{"id":165841,"date":"2025-11-26T13:28:11","date_gmt":"2025-11-26T13:28:11","guid":{"rendered":"https:\/\/www.europesays.com\/pt\/165841\/"},"modified":"2025-11-26T13:28:11","modified_gmt":"2025-11-26T13:28:11","slug":"fenomeno-mundial-une-danca-e-fantasia-em-musical-na-capital-paulista","status":"publish","type":"post","link":"https:\/\/www.europesays.com\/pt\/165841\/","title":{"rendered":"Fen\u00f4meno mundial une dan\u00e7a e fantasia em musical na capital paulista"},"content":{"rendered":"\n<p data-path-to-node=\"6\">Preparem os lightsticks! O fen\u00f4meno mundial do <b class=\"\">K-Pop<\/b> invadiu os palcos de S\u00e3o Paulo em uma vers\u00e3o in\u00e9dita e ao vivo! <b class=\"\">Hero\u00ednas do K-Pop<\/b> \u00e9 um espet\u00e1culo musical infantojuvenil que transforma o <strong>Teatro Gazeta, <\/strong>(Av. Paulista, 900 \u2013 Bela Vista, S\u00e3o Paulo \u2013 SP), em um verdadeiro show de energia, m\u00fasica e fantasia, perfeito para toda a fam\u00edlia e especialmente para os f\u00e3s do ritmo coreano.<\/p>\n<p data-path-to-node=\"7\">Com uma montagem inspirada no sucesso \u201cGuerreiras do K-Pop\u201d, a pe\u00e7a promete uma<a href=\"https:\/\/api.whatsapp.com\/send?phone=5511963094770&amp;text=Vi%20no%20Vipzinho%20e%20gostaria%20de%20mais%20informa%C3%A7%C3%B5es.%20\" rel=\"nofollow noopener\" target=\"_blank\"><strong> aventura \u00e9pica<\/strong><\/a> que mistura o brilho dos idols com uma hist\u00f3ria envolvente sobre supera\u00e7\u00e3o, uni\u00e3o e a magia da m\u00fasica.<\/p>\n<p>  <img loading=\"lazy\" decoding=\"async\" class=\"wp-image-126491 size-full\" src=\"https:\/\/www.europesays.com\/pt\/wp-content\/uploads\/2025\/11\/Heroinas-do-K-Pop.jpeg\" alt=\"Hero\u00ednas do K-Pop\" width=\"1023\" height=\"1280\"  \/>Imagem: Divulga\u00e7\u00e3o Superpoderes e coreografias de tirar o f\u00f4lego <\/p>\n<p data-path-to-node=\"10\">O <strong>espet\u00e1culo Hero\u00ednas do K-Pop<\/strong> acompanha a jornada de tr\u00eas amigas super talentosas que formam um grupo de K-Pop de sucesso internacional. Mas por tr\u00e1s dos<strong> figurinos cheios de brilho<\/strong> e das coreografias vibrantes, elas escondem um segredo: seus poderes musicais s\u00e3o usados para proteger a humanidade contra for\u00e7as sombrias que amea\u00e7am o equil\u00edbrio entre dois mundos!<\/p>\n<p data-path-to-node=\"11\">O enredo \u00e9 uma aventura que prende a aten\u00e7\u00e3o, misturando elementos de fantasia com o universo musical pop. Entre <b class=\"\">batalhas de dan\u00e7a<\/b>, rivalidades com uma boyband misteriosa e f\u00e3s enlouquecidos, as hero\u00ednas descobrem que sua maior arma \u00e9 a <b class=\"\">uni\u00e3o, a amizade e a coragem<\/b>. A montagem refor\u00e7a valores importantes como trabalho em equipe, aceita\u00e7\u00e3o e perseveran\u00e7a, tornando o espet\u00e1culo divertido e educativo para todas as idades.<\/p>\n<p>  <img loading=\"lazy\" decoding=\"async\" class=\"wp-image-126489 size-full\" src=\"https:\/\/www.europesays.com\/pt\/wp-content\/uploads\/2025\/11\/Heroinas-do-K-Pop-2.jpg\" alt=\"Hero\u00ednas do K-Pop\" width=\"800\" height=\"600\"  \/>Imagem: Divulga\u00e7\u00e3o Destaques: trilha eletrizante e pre\u00e7os promocionais <\/p>\n<p data-path-to-node=\"13\">Com aproximadamente 70 minutos de dura\u00e7\u00e3o, o musical \u00e9 uma experi\u00eancia sensorial completa. A produ\u00e7\u00e3o investe em <b class=\"\">Coreografias Originais<\/b> com sincronismo e energia contagiante, e em uma <b class=\"\">Trilha Sonora Eletrizante<\/b>, que mistura hits do K-Pop adaptados e can\u00e7\u00f5es originais. A narrativa foca em uma <b class=\"\">Hist\u00f3ria Universal<\/b> que fala sobre sonhos, identidade e supera\u00e7\u00e3o.<\/p>\n<p data-path-to-node=\"14\">O espet\u00e1culo tem classifica\u00e7\u00e3o indicativa <b class=\"\">livre<\/b> e acontecer\u00e1 em um \u00fanico dia, no <b class=\"\">domingo, 07 de dezembro<\/b>, \u00e0s 11h. Para garantir o melhor pre\u00e7o, a organiza\u00e7\u00e3o oferece desconto na compra antecipada:<\/p>\n<ul>\n<li data-path-to-node=\"16,0,0\">O ingresso <b class=\"\">Inteira<\/b> custa <b>R$100,00<\/b> se comprado no dia do evento.<\/li>\n<li data-path-to-node=\"16,1,0\">O ingresso <b>Antecipado<\/b> custa <b>R$80,00<\/b> se comprado at\u00e9 um dia antes.<\/li>\n<li data-path-to-node=\"16,2,0\">O ingresso <b>Meia Entrada<\/b> custa <b>R$50,00<\/b> para aqueles que possuem direito ao benef\u00edcio.<\/li>\n<\/ul>\n<p>  <img loading=\"lazy\" decoding=\"async\" class=\"wp-image-126490 size-full\" src=\"https:\/\/www.europesays.com\/pt\/wp-content\/uploads\/2025\/11\/Heroinas-do-K-Pop-1.jpg\" alt=\"Hero\u00ednas do K-Pop\" width=\"800\" height=\"600\"  \/>Imagem: Divulga\u00e7\u00e3o Informa\u00e7\u00f5es <\/p>\n<ul>\n<li data-path-to-node=\"20,0,0\"><b>Espet\u00e1culo:<\/b> Hero\u00ednas do K-Pop \u2013 O Musical<\/li>\n<li data-path-to-node=\"20,1,0\"><b>G\u00eanero:<\/b> Infantojuvenil \/ Musical \/ Fantasia<\/li>\n<li data-path-to-node=\"20,2,0\"><b>Data:<\/b> <b>07 de dezembro<\/b> (Domingo)<\/li>\n<li data-path-to-node=\"20,3,0\"><b>Hor\u00e1rio:<\/b> 11h00<\/li>\n<li data-path-to-node=\"20,4,0\"><b>Local:<\/b> Teatro Gazeta \u2013 Av. Paulista, 900 \u2013 Bela Vista, S\u00e3o Paulo \u2013 SP<\/li>\n<li data-path-to-node=\"20,6,0\"><b>Ingressos: <a href=\"https:\/\/bileto.sympla.com.br\/event\/111033\/d\/351238\/s\/2370531\" target=\"_blank\" rel=\"noopener nofollow\">clique aqui para adquirir o seu!<\/a><\/b><\/li>\n<li data-path-to-node=\"20,7,0\"><b>Informa\u00e7\u00f5es\/WhatsApp:<\/b> (11) 96309-4770<\/li>\n<\/ul>\n<p data-path-to-node=\"23\">Chame os pequenos e os <strong>f\u00e3s de K-Pop<\/strong> para viver essa emo\u00e7\u00e3o \u00e9pica! Garanta seu ingresso antecipado por R$80 e venha vibrar com a energia contagiante, a magia e os superpoderes das<strong> Hero\u00ednas do K-Pop no Teatro Gazeta!<\/strong><\/p>\n<p><strong>Quer saber mais na palma da sua m\u00e3o?<\/strong><\/p>\n<p> <strong><a style=\"color: #008000;\" href=\"https:\/\/vipzinho.com.br\/whatstodos\" rel=\"nofollow noopener\" target=\"_blank\">Fa\u00e7a parte do nosso grupo de WhatsApp e receba boletins di\u00e1rios com tudo para as crian\u00e7as. Clique aqui e participe!<\/a>\u00a0<\/strong>  \t\t\t\t \t\t \t\t \t\t \t<\/p>\n","protected":false},"excerpt":{"rendered":"Preparem os lightsticks! O fen\u00f4meno mundial do K-Pop invadiu os palcos de S\u00e3o Paulo em uma vers\u00e3o in\u00e9dita&hellip;\n","protected":false},"author":2,"featured_media":165842,"comment_status":"","ping_status":"","sticky":false,"template":"","format":"standard","meta":{"footnotes":""},"categories":[141],"tags":[114,115,4550,30534,1688,149,150,1642,32,33,2387,35040],"class_list":{"0":"post-165841","1":"post","2":"type-post","3":"status-publish","4":"format-standard","5":"has-post-thumbnail","7":"category-musica","8":"tag-entertainment","9":"tag-entretenimento","10":"tag-guerreiras-do-k-pop","11":"tag-heroinas-do-k-pop","12":"tag-k-pop","13":"tag-music","14":"tag-musica","15":"tag-musical","16":"tag-portugal","17":"tag-pt","18":"tag-teatro","19":"tag-teatro-gazeta"},"share_on_mastodon":{"url":"https:\/\/pubeurope.com\/@pt\/115616239747718396","error":""},"_links":{"self":[{"href":"https:\/\/www.europesays.com\/pt\/wp-json\/wp\/v2\/posts\/165841","targetHints":{"allow":["GET"]}}],"collection":[{"href":"https:\/\/www.europesays.com\/pt\/wp-json\/wp\/v2\/posts"}],"about":[{"href":"https:\/\/www.europesays.com\/pt\/wp-json\/wp\/v2\/types\/post"}],"author":[{"embeddable":true,"href":"https:\/\/www.europesays.com\/pt\/wp-json\/wp\/v2\/users\/2"}],"replies":[{"embeddable":true,"href":"https:\/\/www.europesays.com\/pt\/wp-json\/wp\/v2\/comments?post=165841"}],"version-history":[{"count":0,"href":"https:\/\/www.europesays.com\/pt\/wp-json\/wp\/v2\/posts\/165841\/revisions"}],"wp:featuredmedia":[{"embeddable":true,"href":"https:\/\/www.europesays.com\/pt\/wp-json\/wp\/v2\/media\/165842"}],"wp:attachment":[{"href":"https:\/\/www.europesays.com\/pt\/wp-json\/wp\/v2\/media?parent=165841"}],"wp:term":[{"taxonomy":"category","embeddable":true,"href":"https:\/\/www.europesays.com\/pt\/wp-json\/wp\/v2\/categories?post=165841"},{"taxonomy":"post_tag","embeddable":true,"href":"https:\/\/www.europesays.com\/pt\/wp-json\/wp\/v2\/tags?post=165841"}],"curies":[{"name":"wp","href":"https:\/\/api.w.org\/{rel}","templated":true}]}}